{"id":3758,"date":"2011-01-03T17:31:58","date_gmt":"2011-01-03T19:31:58","guid":{"rendered":"http:\/\/www.locoxelrojo.com.ar\/independiente\/?p=3758"},"modified":"2011-01-03T17:31:58","modified_gmt":"2011-01-03T19:31:58","slug":"los-que-viajan-a-mar-del-plata","status":"publish","type":"post","link":"https:\/\/www.locoxelrojo.com\/independiente\/2011\/01\/03\/los-que-viajan-a-mar-del-plata\/","title":{"rendered":"Los que viajan a Mar del Plata"},"content":{"rendered":"<p><a href=\"http:\/\/www.locoxelrojo.com.ar\/independiente\/wp-content\/uploads\/2011\/01\/independientevilladominicoe.jpg\"><img loading=\"lazy\" class=\"alignnone size-full wp-image-3759\" title=\"independientevilladominicoe\" src=\"http:\/\/www.locoxelrojo.com.ar\/independiente\/wp-content\/uploads\/2011\/01\/independientevilladominicoe.jpg\" alt=\"\" width=\"550\" height=\"315\" srcset=\"https:\/\/locoxelrojo.com\/independiente\/wp-content\/uploads\/2011\/01\/independientevilladominicoe.jpg 550w, https:\/\/locoxelrojo.com\/independiente\/wp-content\/uploads\/2011\/01\/independientevilladominicoe-300x171.jpg 300w\" sizes=\"(max-width: 550px) 100vw, 550px\" \/><\/a><\/p>\n<p>Se dio a conocer la lista de los jugadores que van a ser tenidos en cuenta para viajar a Mar del Plata. Si bien Mohamed no estuvo presente en Villa Dom\u00ednico, los jugadores ya saben si van a ser considerados o no.<\/p>\n<p>Ma\u00f1ana, despu\u00e9s del almuerzo, los que viajen ser\u00e1n:<\/p>\n<p><strong>Arqueros:<\/strong> Hilario Navarro, Adri\u00e1n Gabbarini, Fabi\u00e1n Assman y Diego Rodr\u00edguez.<\/p>\n<p><strong>Defensores: <\/strong>Carlos Matheu, Eduardo Tuzzio, Samuel C\u00e1ceres, Ignacio  Barcia, Javier B\u00e1ez, Juli\u00e1n Vel\u00e1zquez, Gabriel Vall\u00e9s, Maximiliano  Vel\u00e1zquez, Lucas Kruzpsky, Iv\u00e1n V\u00e9lez y Lucas Mareque.<\/p>\n<p><strong>Volantes:<\/strong> Nicol\u00e1s Delmonte, Iv\u00e1n P\u00e9rez, Cristian Pellerano, Roberto  Batti\u00f3n, Walter Busse, Hern\u00e1n Fredes, Lucas Villafa\u00f1ez, Leandro Graci\u00e1n,  Fernando Godoy, Federico Mancuello, Nicol\u00e1s Cabrera y Nicol\u00e1s  Mart\u00ednez.<\/p>\n<p><strong>Delanteros:<\/strong> Facundo Parra, Andr\u00e9s Silvera, Mart\u00edn G\u00f3mez, Patricio Rodr\u00edguez, Germ\u00e1n Pacheco, Brian Nieva y Mat\u00edas Defederico.<\/p>\n<p>No ser\u00e1n tenidos en cuenta: Sergio Vittor, Roberto Vissio, Diego Chur\u00edn y Marcelo Vidal.<\/p>\n<p>Independiente afrontar\u00e1 dos encuentros  por el torneo de verano en &#8220;la Feliz&#8221;. El  martes 11 enfrentar\u00e1 a San Lorenzo y\u00a0 el s\u00e1bado 15  se medir\u00e1 frente a Boca Juniors.<\/p>\n<p>En cuanto a la Copa Libertadores, ya es sabido que el martes 25 de  enero en el estadio Libertadores de Am\u00e9rica ser\u00e1 el deb\u00fat frente a Deportivo Quito. En caso de superar el repechaje,  Independiente pasar\u00e1 a integrar el grupo 8 de la Libertadores junto con  Liga Deportiva Universitaria de Quito, Pe\u00f1arol de Montevideo y Godoy  Cruz de Mendoza.<\/p>\n","protected":false},"excerpt":{"rendered":"<p>Se dio a conocer la lista de los jugadores que van a ser tenidos en cuenta para viajar a Mar del Plata. Si bien Mohamed no estuvo presente en Villa Dom\u00ednico, los jugadores ya saben si van a ser considerados o no. Ma\u00f1ana, despu\u00e9s del almuerzo, los que viajen ser\u00e1n: Arqueros: Hilario Navarro, Adri\u00e1n Gabbarini, [&hellip;]<\/p>\n","protected":false},"author":1,"featured_media":0,"comment_status":"open","ping_status":"open","sticky":false,"template":"","format":"standard","meta":{"_links_to":"","_links_to_target":""},"categories":[3,1],"tags":[153,458],"_links":{"self":[{"href":"https:\/\/www.locoxelrojo.com\/independiente\/wp-json\/wp\/v2\/posts\/3758"}],"collection":[{"href":"https:\/\/www.locoxelrojo.com\/independiente\/wp-json\/wp\/v2\/posts"}],"about":[{"href":"https:\/\/www.locoxelrojo.com\/independiente\/wp-json\/wp\/v2\/types\/post"}],"author":[{"embeddable":true,"href":"https:\/\/www.locoxelrojo.com\/independiente\/wp-json\/wp\/v2\/users\/1"}],"replies":[{"embeddable":true,"href":"https:\/\/www.locoxelrojo.com\/independiente\/wp-json\/wp\/v2\/comments?post=3758"}],"version-history":[{"count":0,"href":"https:\/\/www.locoxelrojo.com\/independiente\/wp-json\/wp\/v2\/posts\/3758\/revisions"}],"wp:attachment":[{"href":"https:\/\/www.locoxelrojo.com\/independiente\/wp-json\/wp\/v2\/media?parent=3758"}],"wp:term":[{"taxonomy":"category","embeddable":true,"href":"https:\/\/www.locoxelrojo.com\/independiente\/wp-json\/wp\/v2\/categories?post=3758"},{"taxonomy":"post_tag","embeddable":true,"href":"https:\/\/www.locoxelrojo.com\/independiente\/wp-json\/wp\/v2\/tags?post=3758"}],"curies":[{"name":"wp","href":"https:\/\/api.w.org\/{rel}","templated":true}]}}