{"id":376,"date":"2010-08-24T14:00:24","date_gmt":"2010-08-24T17:00:24","guid":{"rendered":"http:\/\/www.locoxelrojo.com.ar\/independiente\/?p=376"},"modified":"2015-09-08T22:21:47","modified_gmt":"2015-09-09T01:21:47","slug":"posibles-cambios-para-el-debut-en-la-copa","status":"publish","type":"post","link":"https:\/\/www.locoxelrojo.com\/independiente\/2010\/08\/24\/posibles-cambios-para-el-debut-en-la-copa\/","title":{"rendered":"Posibles cambios para el debut en la Sudamericana"},"content":{"rendered":"<p><a href=\"http:\/\/www.locoxelrojo.com.ar\/independiente\/wp-content\/uploads\/2010\/08\/entrenamiento24-08.jpg\"><img loading=\"lazy\" class=\"alignnone size-full wp-image-377\" title=\"entrenamiento24-08\" src=\"http:\/\/www.locoxelrojo.com.ar\/independiente\/wp-content\/uploads\/2010\/08\/entrenamiento24-08.jpg\" alt=\"\" width=\"550\" height=\"315\" srcset=\"https:\/\/locoxelrojo.com\/independiente\/wp-content\/uploads\/2010\/08\/entrenamiento24-08.jpg 550w, https:\/\/locoxelrojo.com\/independiente\/wp-content\/uploads\/2010\/08\/entrenamiento24-08-300x171.jpg 300w\" sizes=\"(max-width: 550px) 100vw, 550px\" \/><\/a><\/p>\n<p>El plantel de Independiente realizo una nueva pr\u00e1ctica pensando en el partido de Copa frente a Argentinos Juniors. Esta ma\u00f1ana en el predio de Villa Dominico, los profesionales realizaron trabajos regenerativos y t\u00e1cticos, mientras el cuerpo t\u00e9cnico dialogaba en la mitad de cancha, quiz\u00e1s pensando y diagramando los once que van a jugar.<\/p>\n<p>Por la cabeza de Garnero pasa por darle la chance de jugar a Maxi Vel\u00e1zquez. De hecho concentra por primera vez. Otro que vuelve es Carlos Matheu. Luego de la lesi\u00f3n, Garnero lo llevar\u00eda al banco.<\/p>\n<p>Reci\u00e9n en el entrenamiento de ma\u00f1ana, cuando el plantel haga f\u00fatbol se va a poder saber el equipo que el t\u00e9cnico tiene en mente. Se especulan entre 3 o 4 cambios del equipo que perdi\u00f3 en el Monumental. El ingreso se Maxi Velazquez y Juli\u00e1n Velazquez en defensa, la salida de Graci\u00e1n y Facundo Parra se perfila para acompa\u00f1ar a Silvera en ataque.<\/p>\n","protected":false},"excerpt":{"rendered":"<p>El plantel de Independiente realizo una nueva pr\u00e1ctica pensando en el partido de Copa frente a Argentinos Juniors. Esta ma\u00f1ana en el predio de Villa Dominico, los profesionales realizaron trabajos regenerativos y t\u00e1cticos, mientras el cuerpo t\u00e9cnico dialogaba en la mitad de cancha, quiz\u00e1s pensando y diagramando los once que van a jugar. Por la [&hellip;]<\/p>\n","protected":false},"author":1,"featured_media":0,"comment_status":"open","ping_status":"open","sticky":false,"template":"","format":"standard","meta":{"_links_to":"","_links_to_target":""},"categories":[7,3,1],"tags":[27,347,30,26,36,172],"_links":{"self":[{"href":"https:\/\/www.locoxelrojo.com\/independiente\/wp-json\/wp\/v2\/posts\/376"}],"collection":[{"href":"https:\/\/www.locoxelrojo.com\/independiente\/wp-json\/wp\/v2\/posts"}],"about":[{"href":"https:\/\/www.locoxelrojo.com\/independiente\/wp-json\/wp\/v2\/types\/post"}],"author":[{"embeddable":true,"href":"https:\/\/www.locoxelrojo.com\/independiente\/wp-json\/wp\/v2\/users\/1"}],"replies":[{"embeddable":true,"href":"https:\/\/www.locoxelrojo.com\/independiente\/wp-json\/wp\/v2\/comments?post=376"}],"version-history":[{"count":0,"href":"https:\/\/www.locoxelrojo.com\/independiente\/wp-json\/wp\/v2\/posts\/376\/revisions"}],"wp:attachment":[{"href":"https:\/\/www.locoxelrojo.com\/independiente\/wp-json\/wp\/v2\/media?parent=376"}],"wp:term":[{"taxonomy":"category","embeddable":true,"href":"https:\/\/www.locoxelrojo.com\/independiente\/wp-json\/wp\/v2\/categories?post=376"},{"taxonomy":"post_tag","embeddable":true,"href":"https:\/\/www.locoxelrojo.com\/independiente\/wp-json\/wp\/v2\/tags?post=376"}],"curies":[{"name":"wp","href":"https:\/\/api.w.org\/{rel}","templated":true}]}}