{"id":37622,"date":"2013-10-26T16:32:10","date_gmt":"2013-10-26T19:32:10","guid":{"rendered":"http:\/\/www.locoxelrojo.com.ar\/independiente\/?p=37622"},"modified":"2013-10-26T16:32:10","modified_gmt":"2013-10-26T19:32:10","slug":"ya-piensa-en-sportivo-belgrano","status":"publish","type":"post","link":"https:\/\/www.locoxelrojo.com\/independiente\/2013\/10\/26\/ya-piensa-en-sportivo-belgrano\/","title":{"rendered":"Ya piensa en Sportivo Belgrano"},"content":{"rendered":"<p><strong>El plantel de Independiente entren\u00f3 este s\u00e1bado por la ma\u00f1ana en el predio de Villa Dom\u00ednico<\/strong>, a puertas cerradas, pensando en el partido del martes, cuando visite a Sportivo Belgrano en C\u00f3rdoba.<\/p>\n<p><strong>Omar De Felippe dispuso trabajos de definici\u00f3n y una pr\u00e1ctica de f\u00fatbol informal con la cabeza puesta en el pr\u00f3ximo encuentro.<\/strong> Las novedades pasaron por las recuperaciones de Fabi\u00e1n Assmann (homalgia en su hombro derecho) y de Facundo Parra (contractura en el gemelo derecho).<\/p>\n<p>A pesar de las Elecciones Legislativas, <strong>los jugadores de Independiente no tendr\u00e1n descanso el domingo y volver\u00e1n al trabajo en Villa Dom\u00ednico, por la ma\u00f1ana. <\/strong><\/p>\n","protected":false},"excerpt":{"rendered":"<p>El plantel de Independiente entren\u00f3 este s\u00e1bado por la ma\u00f1ana en el predio de Villa Dom\u00ednico, a puertas cerradas, pensando en el partido del martes, cuando visite a Sportivo Belgrano en C\u00f3rdoba. Omar De Felippe dispuso trabajos de definici\u00f3n y una pr\u00e1ctica de f\u00fatbol informal con la cabeza puesta en el pr\u00f3ximo encuentro. Las novedades [&hellip;]<\/p>\n","protected":false},"author":20,"featured_media":37623,"comment_status":"closed","ping_status":"closed","sticky":false,"template":"","format":"standard","meta":{"_links_to":"","_links_to_target":""},"categories":[3,1],"tags":[26,78,36,2032,172],"_links":{"self":[{"href":"https:\/\/www.locoxelrojo.com\/independiente\/wp-json\/wp\/v2\/posts\/37622"}],"collection":[{"href":"https:\/\/www.locoxelrojo.com\/independiente\/wp-json\/wp\/v2\/posts"}],"about":[{"href":"https:\/\/www.locoxelrojo.com\/independiente\/wp-json\/wp\/v2\/types\/post"}],"author":[{"embeddable":true,"href":"https:\/\/www.locoxelrojo.com\/independiente\/wp-json\/wp\/v2\/users\/20"}],"replies":[{"embeddable":true,"href":"https:\/\/www.locoxelrojo.com\/independiente\/wp-json\/wp\/v2\/comments?post=37622"}],"version-history":[{"count":0,"href":"https:\/\/www.locoxelrojo.com\/independiente\/wp-json\/wp\/v2\/posts\/37622\/revisions"}],"wp:featuredmedia":[{"embeddable":true,"href":"https:\/\/www.locoxelrojo.com\/independiente\/wp-json\/wp\/v2\/media\/37623"}],"wp:attachment":[{"href":"https:\/\/www.locoxelrojo.com\/independiente\/wp-json\/wp\/v2\/media?parent=37622"}],"wp:term":[{"taxonomy":"category","embeddable":true,"href":"https:\/\/www.locoxelrojo.com\/independiente\/wp-json\/wp\/v2\/categories?post=37622"},{"taxonomy":"post_tag","embeddable":true,"href":"https:\/\/www.locoxelrojo.com\/independiente\/wp-json\/wp\/v2\/tags?post=37622"}],"curies":[{"name":"wp","href":"https:\/\/api.w.org\/{rel}","templated":true}]}}