{"id":37891,"date":"2013-11-07T13:23:26","date_gmt":"2013-11-07T16:23:26","guid":{"rendered":"http:\/\/www.locoxelrojo.com.ar\/independiente\/?p=37891"},"modified":"2013-11-07T13:23:26","modified_gmt":"2013-11-07T16:23:26","slug":"sin-mancuello-de-felippe-busca-variantes","status":"publish","type":"post","link":"https:\/\/www.locoxelrojo.com\/independiente\/2013\/11\/07\/sin-mancuello-de-felippe-busca-variantes\/","title":{"rendered":"Sin Mancuello, De Felippe busca variantes"},"content":{"rendered":"<p>El plantel de Independiente tuvo este jueves la pr\u00e1ctica formal de f\u00fatbol de cara al partido del fin de semana con San Mart\u00edn de San Juan. Finalmente, Omar De Felippe no podr\u00e1 contar con Federico Mancuello quien contin\u00faa con dolores en la zona lumbar.<\/p>\n<p>La ma\u00f1ana arranc\u00f3 con una mala noticia para Omar De Felippe. <strong>El entrenador par\u00f3 el probable equipo para jugar en San Juan, pero en medio de la pr\u00e1ctica de f\u00fatbol, Mancuello abandon\u00f3 la misma producto de la sacroile\u00edtis (dolor en la zona baja de la espalda) que arrastra hace unos cuantos d\u00edas. Debido a la seguidilla de partidos que se le vienen a Independiente en pocos d\u00edas, el volante qued\u00f3 descartado para el s\u00e1bado.<\/strong><\/p>\n<p><strong>El regreso de Mart\u00edn Zapata es casi un hecho y ser\u00eda Leonel Miranda quien se corra al carril izquierdo del mediocampo para reemplazar a Mancuello, al cual se le van a realizar estudios<\/strong>. Por su parte, Daniel Montenegro evoluciona favorablemente de su molestia en el tal\u00f3n y estar\u00e1 entre los titulares.<\/p>\n<p>Con estas novedades, los once para jugar el s\u00e1bado desde las 18 en San Juan ser\u00edan: <strong>Diego Rodr\u00edguez; Gabriel Vall\u00e9s, Cristian Tula, Juli\u00e1n Vel\u00e1zquez, Lucas Villalba; Mart\u00edn Zapata, Marcelo Vidal, Leonel Miranda; Mat\u00edas Pisano, Daniel Montenegro y Facundo Parra.<\/strong><\/p>\n<p>Al t\u00e9rmino del entrenamiento, <strong>De Felippe entreg\u00f3 la n\u00f3mina de los 20 jugadores concentrados que viajar\u00e1n a San Juan: lo m\u00e1s destacado, es la ausencia de Cristian Men\u00e9ndez. <\/strong><\/p>\n","protected":false},"excerpt":{"rendered":"<p>El plantel de Independiente tuvo este jueves la pr\u00e1ctica formal de f\u00fatbol de cara al partido del fin de semana con San Mart\u00edn de San Juan. Finalmente, Omar De Felippe no podr\u00e1 contar con Federico Mancuello quien contin\u00faa con dolores en la zona lumbar. La ma\u00f1ana arranc\u00f3 con una mala noticia para Omar De Felippe. [&hellip;]<\/p>\n","protected":false},"author":1,"featured_media":37892,"comment_status":"closed","ping_status":"closed","sticky":false,"template":"","format":"standard","meta":{"_links_to":"","_links_to_target":""},"categories":[3,1],"tags":[26,48,1347,2213,2032,172],"_links":{"self":[{"href":"https:\/\/www.locoxelrojo.com\/independiente\/wp-json\/wp\/v2\/posts\/37891"}],"collection":[{"href":"https:\/\/www.locoxelrojo.com\/independiente\/wp-json\/wp\/v2\/posts"}],"about":[{"href":"https:\/\/www.locoxelrojo.com\/independiente\/wp-json\/wp\/v2\/types\/post"}],"author":[{"embeddable":true,"href":"https:\/\/www.locoxelrojo.com\/independiente\/wp-json\/wp\/v2\/users\/1"}],"replies":[{"embeddable":true,"href":"https:\/\/www.locoxelrojo.com\/independiente\/wp-json\/wp\/v2\/comments?post=37891"}],"version-history":[{"count":0,"href":"https:\/\/www.locoxelrojo.com\/independiente\/wp-json\/wp\/v2\/posts\/37891\/revisions"}],"wp:featuredmedia":[{"embeddable":true,"href":"https:\/\/www.locoxelrojo.com\/independiente\/wp-json\/wp\/v2\/media\/37892"}],"wp:attachment":[{"href":"https:\/\/www.locoxelrojo.com\/independiente\/wp-json\/wp\/v2\/media?parent=37891"}],"wp:term":[{"taxonomy":"category","embeddable":true,"href":"https:\/\/www.locoxelrojo.com\/independiente\/wp-json\/wp\/v2\/categories?post=37891"},{"taxonomy":"post_tag","embeddable":true,"href":"https:\/\/www.locoxelrojo.com\/independiente\/wp-json\/wp\/v2\/tags?post=37891"}],"curies":[{"name":"wp","href":"https:\/\/api.w.org\/{rel}","templated":true}]}}