{"id":37895,"date":"2013-11-07T13:42:59","date_gmt":"2013-11-07T16:42:59","guid":{"rendered":"http:\/\/www.locoxelrojo.com.ar\/independiente\/?p=37895"},"modified":"2015-10-09T23:27:19","modified_gmt":"2015-10-10T02:27:19","slug":"concentrados-vs-san-martin-de-san-juan-2","status":"publish","type":"post","link":"https:\/\/www.locoxelrojo.com\/independiente\/2013\/11\/07\/concentrados-vs-san-martin-de-san-juan-2\/","title":{"rendered":"Concentrados vs. San Mart\u00edn de San Juan"},"content":{"rendered":"<p>Al t\u00e9rmino de la pr\u00e1ctica Omar De Felippe entreg\u00f3 la lista de 20 jugadores concentrados de cara al pr\u00f3ximo partido frente a San Mart\u00edn de San Juan el s\u00e1bado a las 18. Se destaca la ausencia de Cristian Men\u00e9ndez y el retorno de Adri\u00e1n Fern\u00e1ndez.<\/p>\n<p>Independiente viaja ma\u00f1ana viernes a San Juan, luego del entrenamiento. Para este encuentro, <strong>De Felippe decidi\u00f3 guardar a 20 jugadores y entre ellos, no figura Cristian Men\u00e9ndez.<\/strong> Hilario Navarro contin\u00faa como arquero suplente y Franco Razzotti qued\u00f3 nuevamente afuera.<\/p>\n<p><strong>La sacroile\u00edtis (dolor en la zona baja de la espalda) que arrastra Federico Mancuello desde hace varios d\u00edas, lo margin\u00f3 del encuentro y de los concentrados.<\/strong> Entre los delanteros, reaparece Adri\u00e1n Fern\u00e1ndez.<\/p>\n<p><strong>Arqueros:<\/strong> Diego Rodr\u00edguez, Hilario Navarro<\/p>\n<p><strong>Defensores:<\/strong> Gabriel Vall\u00e9s, Cristian Tula, Juli\u00e1n Vel\u00e1zquez, Lucas Villalba, Christian N\u00fa\u00f1ez, Samuel C\u00e1ceres<\/p>\n<p><strong>Volantes:<\/strong> Mart\u00edn Zapata, Marcelo Vidal, Leonel Miranda, Mat\u00edas Pisano, Daniel Montenegro, Reinaldo Alderete, Fabi\u00e1n Monserrat, Francisco Pizzzini<\/p>\n<p><strong>Delanteros:<\/strong> Facundo Parra, Mart\u00edn Ben\u00edtez, Sebasti\u00e1n Penco, Adri\u00e1n Fern\u00e1ndez.<\/p>\n","protected":false},"excerpt":{"rendered":"<p>Al t\u00e9rmino de la pr\u00e1ctica Omar De Felippe entreg\u00f3 la lista de 20 jugadores concentrados de cara al pr\u00f3ximo partido frente a San Mart\u00edn de San Juan el s\u00e1bado a las 18. Se destaca la ausencia de Cristian Men\u00e9ndez y el retorno de Adri\u00e1n Fern\u00e1ndez. Independiente viaja ma\u00f1ana viernes a San Juan, luego del entrenamiento. [&hellip;]<\/p>\n","protected":false},"author":1,"featured_media":37896,"comment_status":"closed","ping_status":"closed","sticky":false,"template":"","format":"standard","meta":{"_links_to":"","_links_to_target":""},"categories":[3,1],"tags":[2330,153,3045],"_links":{"self":[{"href":"https:\/\/www.locoxelrojo.com\/independiente\/wp-json\/wp\/v2\/posts\/37895"}],"collection":[{"href":"https:\/\/www.locoxelrojo.com\/independiente\/wp-json\/wp\/v2\/posts"}],"about":[{"href":"https:\/\/www.locoxelrojo.com\/independiente\/wp-json\/wp\/v2\/types\/post"}],"author":[{"embeddable":true,"href":"https:\/\/www.locoxelrojo.com\/independiente\/wp-json\/wp\/v2\/users\/1"}],"replies":[{"embeddable":true,"href":"https:\/\/www.locoxelrojo.com\/independiente\/wp-json\/wp\/v2\/comments?post=37895"}],"version-history":[{"count":0,"href":"https:\/\/www.locoxelrojo.com\/independiente\/wp-json\/wp\/v2\/posts\/37895\/revisions"}],"wp:featuredmedia":[{"embeddable":true,"href":"https:\/\/www.locoxelrojo.com\/independiente\/wp-json\/wp\/v2\/media\/37896"}],"wp:attachment":[{"href":"https:\/\/www.locoxelrojo.com\/independiente\/wp-json\/wp\/v2\/media?parent=37895"}],"wp:term":[{"taxonomy":"category","embeddable":true,"href":"https:\/\/www.locoxelrojo.com\/independiente\/wp-json\/wp\/v2\/categories?post=37895"},{"taxonomy":"post_tag","embeddable":true,"href":"https:\/\/www.locoxelrojo.com\/independiente\/wp-json\/wp\/v2\/tags?post=37895"}],"curies":[{"name":"wp","href":"https:\/\/api.w.org\/{rel}","templated":true}]}}