{"id":37972,"date":"2013-11-10T20:42:36","date_gmt":"2013-11-10T23:42:36","guid":{"rendered":"http:\/\/www.locoxelrojo.com.ar\/independiente\/?p=37972"},"modified":"2013-11-10T20:42:36","modified_gmt":"2013-11-10T23:42:36","slug":"entrenamiento-y-vuelta-a-buenos-aires","status":"publish","type":"post","link":"https:\/\/www.locoxelrojo.com\/independiente\/2013\/11\/10\/entrenamiento-y-vuelta-a-buenos-aires\/","title":{"rendered":"Entrenamiento y vuelta a Buenos Aires"},"content":{"rendered":"<p>Luego del empate de ayer ante San Mart\u00edn, el plantel de Independiente pas\u00f3 la noche en San Juan. Este domingo por la ma\u00f1ana entren\u00f3 en la cancha del Club Alianza y por la tarde emprendi\u00f3 viaje hacia Buenos Aires.<\/p>\n<p>Se viene el encuentro del mi\u00e9rcoles con Ferro en el Libertadores de Am\u00e9rica, por eso, los dirigidos por Omar De Felippe no tuvieron descanso. <strong>Tras igualar 0 a 0 ante San Mart\u00edn de San Juan, la delegaci\u00f3n regres\u00f3 al hotel para cenar y pasar la noche.<\/strong><\/p>\n<p><strong>Esta ma\u00f1ana, tuvo su pr\u00e1ctica en la cancha del Club Alianza, donde los que jugaron frente al &#8220;Verdinegro&#8221; realizaron trabajos regenerativos, mientras que el resto realiz\u00f3 algunos ejercicios con pelota.<\/strong><\/p>\n<p><strong>Los jugadores y el cuerpo t\u00e9cnico, tuvieron la visita de varios integrantes de la Pe\u00f1a Roja de San Juan, quienes le brindaron su apoyo para lo que resta del campeonato.<\/strong> Los hinchas, aprovecharon para observar de cerca los movimientos del entrenamiento y pudieron sacarse algunas fotos.<\/p>\n<p><strong>En horas de la tarde, el &#8220;Rojo&#8221; peg\u00f3 la vuelta a Buenos Aires<\/strong> y desde ma\u00f1ana Omar De Felippe comenzar\u00e1 a delinear los once para recibir a Ferro el d\u00eda mi\u00e9rcoles, con las bajas de Cristian Tula (le van a realizar estudios para saber la gravedad de la lesi\u00f3n) y Lucas Villalba (lleg\u00f3 a la quinta amarilla).<\/p>\n<p><em><span style=\"color: #888888;\"><strong>Foto: Pe\u00f1a Roja de San Juan<\/strong><\/span><\/em><\/p>\n","protected":false},"excerpt":{"rendered":"<p>Luego del empate de ayer ante San Mart\u00edn, el plantel de Independiente pas\u00f3 la noche en San Juan. Este domingo por la ma\u00f1ana entren\u00f3 en la cancha del Club Alianza y por la tarde emprendi\u00f3 viaje hacia Buenos Aires. Se viene el encuentro del mi\u00e9rcoles con Ferro en el Libertadores de Am\u00e9rica, por eso, los [&hellip;]<\/p>\n","protected":false},"author":1,"featured_media":37973,"comment_status":"closed","ping_status":"closed","sticky":false,"template":"","format":"standard","meta":{"_links_to":"","_links_to_target":""},"categories":[3,1],"tags":[2416,153,26,1230,1273],"_links":{"self":[{"href":"https:\/\/www.locoxelrojo.com\/independiente\/wp-json\/wp\/v2\/posts\/37972"}],"collection":[{"href":"https:\/\/www.locoxelrojo.com\/independiente\/wp-json\/wp\/v2\/posts"}],"about":[{"href":"https:\/\/www.locoxelrojo.com\/independiente\/wp-json\/wp\/v2\/types\/post"}],"author":[{"embeddable":true,"href":"https:\/\/www.locoxelrojo.com\/independiente\/wp-json\/wp\/v2\/users\/1"}],"replies":[{"embeddable":true,"href":"https:\/\/www.locoxelrojo.com\/independiente\/wp-json\/wp\/v2\/comments?post=37972"}],"version-history":[{"count":0,"href":"https:\/\/www.locoxelrojo.com\/independiente\/wp-json\/wp\/v2\/posts\/37972\/revisions"}],"wp:featuredmedia":[{"embeddable":true,"href":"https:\/\/www.locoxelrojo.com\/independiente\/wp-json\/wp\/v2\/media\/37973"}],"wp:attachment":[{"href":"https:\/\/www.locoxelrojo.com\/independiente\/wp-json\/wp\/v2\/media?parent=37972"}],"wp:term":[{"taxonomy":"category","embeddable":true,"href":"https:\/\/www.locoxelrojo.com\/independiente\/wp-json\/wp\/v2\/categories?post=37972"},{"taxonomy":"post_tag","embeddable":true,"href":"https:\/\/www.locoxelrojo.com\/independiente\/wp-json\/wp\/v2\/tags?post=37972"}],"curies":[{"name":"wp","href":"https:\/\/api.w.org\/{rel}","templated":true}]}}