{"id":38047,"date":"2013-11-13T22:02:20","date_gmt":"2013-11-14T01:02:20","guid":{"rendered":"http:\/\/www.locoxelrojo.com.ar\/independiente\/?p=38047"},"modified":"2013-11-14T02:21:53","modified_gmt":"2013-11-14T05:21:53","slug":"tuzzio-se-llevo-su-reconocimiento","status":"publish","type":"post","link":"https:\/\/www.locoxelrojo.com\/independiente\/2013\/11\/13\/tuzzio-se-llevo-su-reconocimiento\/","title":{"rendered":"Tuzzio se llev\u00f3 su reconocimiento"},"content":{"rendered":"<p><strong>Eduardo Tuzzio volvi\u00f3 al Libertadores de Am\u00e9rica luego del descenso y de su salida al final de la temporada. El ahora defensor de Ferro, fue ovacionado por los hinchas de Independiente y recibi\u00f3 una plaqueta del club.<\/strong><\/p>\n<p>Lleg\u00f3 en la temporada 2009 y con su alto rendimiento se gan\u00f3 el reconocimiento de los hinchas. <strong>Fue una de las piezas claves en el segundo ciclo de Am\u00e9rico Gallego, donde Independiente pele\u00f3 ambos torneos de la temporada.<\/strong><\/p>\n<p>En el 2010 fue unos de los pilares <strong>y el autor del penal que le dio a Independiente la Copa Sudamericana.<\/strong> Levant\u00f3 la copa n\u00famero 16 y su nombre qued\u00f3 marcado en la historia.<\/p>\n<p>Si bien su rendimiento en el \u00faltimo a\u00f1o no fue el mejor, <strong>los hinchas de Independiente le dieron una calurosa bienvenida al Libertadores de Am\u00e9rica. En la previa del partido recibi\u00f3 una ovaci\u00f3n y el Departamento de Relaciones P\u00fablicas le entreg\u00f3 una plaqueta por su trayectoria en la instituci\u00f3n.<\/strong><\/p>\n<p><strong>Al final del partido, se repiti\u00f3 la ovaci\u00f3n y dej\u00f3 en campo de juego bajo una lluvia de aplausos.<\/strong><\/p>\n<p>Mir\u00e1 el video del momento que Tuzzio recibe la plaqueta:<\/p>\n<p><object width=\"595\" height=\"335\"><param name=\"movie\" value=\"\/\/www.youtube-nocookie.com\/v\/rphKpN6IA9o?version=3&amp;hl=es_ES\"><\/param><param name=\"allowFullScreen\" value=\"true\"><\/param><param name=\"allowscriptaccess\" value=\"always\"><\/param><embed src=\"\/\/www.youtube-nocookie.com\/v\/rphKpN6IA9o?version=3&amp;hl=es_ES\" type=\"application\/x-shockwave-flash\" width=\"595\" height=\"335\" allowscriptaccess=\"always\" allowfullscreen=\"true\"><\/embed><\/object><\/p>\n","protected":false},"excerpt":{"rendered":"<p>Eduardo Tuzzio volvi\u00f3 al Libertadores de Am\u00e9rica luego del descenso y de su salida al final de la temporada. El ahora defensor de Ferro, fue ovacionado por los hinchas de Independiente y recibi\u00f3 una plaqueta del club. Lleg\u00f3 en la temporada 2009 y con su alto rendimiento se gan\u00f3 el reconocimiento de los hinchas. Fue [&hellip;]<\/p>\n","protected":false},"author":1,"featured_media":38049,"comment_status":"closed","ping_status":"closed","sticky":false,"template":"","format":"standard","meta":{"_links_to":"","_links_to_target":""},"categories":[3,1],"tags":[153,135,2413],"_links":{"self":[{"href":"https:\/\/www.locoxelrojo.com\/independiente\/wp-json\/wp\/v2\/posts\/38047"}],"collection":[{"href":"https:\/\/www.locoxelrojo.com\/independiente\/wp-json\/wp\/v2\/posts"}],"about":[{"href":"https:\/\/www.locoxelrojo.com\/independiente\/wp-json\/wp\/v2\/types\/post"}],"author":[{"embeddable":true,"href":"https:\/\/www.locoxelrojo.com\/independiente\/wp-json\/wp\/v2\/users\/1"}],"replies":[{"embeddable":true,"href":"https:\/\/www.locoxelrojo.com\/independiente\/wp-json\/wp\/v2\/comments?post=38047"}],"version-history":[{"count":0,"href":"https:\/\/www.locoxelrojo.com\/independiente\/wp-json\/wp\/v2\/posts\/38047\/revisions"}],"wp:featuredmedia":[{"embeddable":true,"href":"https:\/\/www.locoxelrojo.com\/independiente\/wp-json\/wp\/v2\/media\/38049"}],"wp:attachment":[{"href":"https:\/\/www.locoxelrojo.com\/independiente\/wp-json\/wp\/v2\/media?parent=38047"}],"wp:term":[{"taxonomy":"category","embeddable":true,"href":"https:\/\/www.locoxelrojo.com\/independiente\/wp-json\/wp\/v2\/categories?post=38047"},{"taxonomy":"post_tag","embeddable":true,"href":"https:\/\/www.locoxelrojo.com\/independiente\/wp-json\/wp\/v2\/tags?post=38047"}],"curies":[{"name":"wp","href":"https:\/\/api.w.org\/{rel}","templated":true}]}}