{"id":381,"date":"2010-08-24T14:19:46","date_gmt":"2010-08-24T17:19:46","guid":{"rendered":"http:\/\/www.locoxelrojo.com.ar\/independiente\/?p=381"},"modified":"2015-09-08T22:22:46","modified_gmt":"2015-09-09T01:22:46","slug":"los-concentrados-para-la-copa","status":"publish","type":"post","link":"https:\/\/www.locoxelrojo.com\/independiente\/2010\/08\/24\/los-concentrados-para-la-copa\/","title":{"rendered":"Concentrados vs. Argentinos: vuelve Matheu"},"content":{"rendered":"<p><a href=\"http:\/\/www.locoxelrojo.com.ar\/independiente\/wp-content\/uploads\/2010\/08\/matheuconcentrado.jpg\"><img loading=\"lazy\" class=\"alignnone size-full wp-image-382\" title=\"matheuconcentrado\" src=\"http:\/\/www.locoxelrojo.com.ar\/independiente\/wp-content\/uploads\/2010\/08\/matheuconcentrado.jpg\" alt=\"\" width=\"550\" height=\"315\" srcset=\"https:\/\/locoxelrojo.com\/independiente\/wp-content\/uploads\/2010\/08\/matheuconcentrado.jpg 550w, https:\/\/locoxelrojo.com\/independiente\/wp-content\/uploads\/2010\/08\/matheuconcentrado-300x171.jpg 300w\" sizes=\"(max-width: 550px) 100vw, 550px\" \/><\/a><\/p>\n<p>El entrenador Daniel Garnero luego de la pr\u00e1ctica entreg\u00f3 la lista de concentrados con algunos cambios con respecto a las listas anteriores.<\/p>\n<p>Entre los defensores est\u00e1 Carlos Matheu. El capit\u00e1n vuelve a tener un lugar entre los concentrados luego de la lesi\u00f3n. Todo parece indicar que Carlitos ver\u00e1 el partido desde el banco.<\/p>\n<p>Otro que concentra por primera vez es Maximiliano Vel\u00e1zquez. El lateral no era tenido en cuenta por el DT y en m\u00e1s de una ocasi\u00f3n mostr\u00f3 su descontento. En la novela los dirigentes le echaban la culpa de su situaci\u00f3n al representante de Lucas Mareque quien amago a llevarse a su representado. Garnero se escudaba en que no le servia de mucho tener un lateral sentado en el banco. Por todo esto se especula que Velazquez ser\u00e1 de la partida y podr\u00e1 por fin debutar de forma oficial con la camiseta de Independiente.<\/p>\n<p>El plantel entrenar\u00e1 ma\u00f1ana por la tarde en el estadio a puertas cerradas y una vez finalizada la pr\u00e1ctica quedar\u00e1 concentrado esperando el debut en la Copa Sudamericana.<\/p>\n<p><strong>La lista de concentrados:<\/strong><\/p>\n<p><strong>Arqueros:<\/strong> Hilario Navarro, Adri\u00e1n Gabbarini.<\/p>\n<p><strong>Defensores:<\/strong> Eduardo Tuzzio, Gabriel Vall\u00e9s, Maximiliano Vel\u00e1zquez, Leonel Galeano, Juli\u00e1n Vel\u00e1zquez, Lucas Mareque, Carlos Matheu.<\/p>\n<p><strong>Volantes:<\/strong> Fernando Godoy, Cristian Pellerano, Nicol\u00e1s Cabrera, Nicol\u00e1s Mart\u00ednez, Hern\u00e1n Fredes, Federico Mancuello, Leandro Graci\u00e1n.<\/p>\n<p><strong>Delanteros: <\/strong>Andr\u00e9s Silvera, Germ\u00e1n Pacheco, Facundo Parra y Patricio Rodr\u00edguez.<\/p>\n","protected":false},"excerpt":{"rendered":"<p>El entrenador Daniel Garnero luego de la pr\u00e1ctica entreg\u00f3 la lista de concentrados con algunos cambios con respecto a las listas anteriores. Entre los defensores est\u00e1 Carlos Matheu. El capit\u00e1n vuelve a tener un lugar entre los concentrados luego de la lesi\u00f3n. Todo parece indicar que Carlitos ver\u00e1 el partido desde el banco. Otro que [&hellip;]<\/p>\n","protected":false},"author":1,"featured_media":0,"comment_status":"open","ping_status":"open","sticky":false,"template":"","format":"standard","meta":{"_links_to":"","_links_to_target":""},"categories":[7,3,1],"tags":[27,153,3007,347],"_links":{"self":[{"href":"https:\/\/www.locoxelrojo.com\/independiente\/wp-json\/wp\/v2\/posts\/381"}],"collection":[{"href":"https:\/\/www.locoxelrojo.com\/independiente\/wp-json\/wp\/v2\/posts"}],"about":[{"href":"https:\/\/www.locoxelrojo.com\/independiente\/wp-json\/wp\/v2\/types\/post"}],"author":[{"embeddable":true,"href":"https:\/\/www.locoxelrojo.com\/independiente\/wp-json\/wp\/v2\/users\/1"}],"replies":[{"embeddable":true,"href":"https:\/\/www.locoxelrojo.com\/independiente\/wp-json\/wp\/v2\/comments?post=381"}],"version-history":[{"count":0,"href":"https:\/\/www.locoxelrojo.com\/independiente\/wp-json\/wp\/v2\/posts\/381\/revisions"}],"wp:attachment":[{"href":"https:\/\/www.locoxelrojo.com\/independiente\/wp-json\/wp\/v2\/media?parent=381"}],"wp:term":[{"taxonomy":"category","embeddable":true,"href":"https:\/\/www.locoxelrojo.com\/independiente\/wp-json\/wp\/v2\/categories?post=381"},{"taxonomy":"post_tag","embeddable":true,"href":"https:\/\/www.locoxelrojo.com\/independiente\/wp-json\/wp\/v2\/tags?post=381"}],"curies":[{"name":"wp","href":"https:\/\/api.w.org\/{rel}","templated":true}]}}