{"id":38135,"date":"2013-11-14T18:19:25","date_gmt":"2013-11-14T21:19:25","guid":{"rendered":"http:\/\/www.locoxelrojo.com.ar\/independiente\/?p=38135"},"modified":"2013-11-14T18:19:25","modified_gmt":"2013-11-14T21:19:25","slug":"parra-estamos-mejor-pero-tenemos-que-estar-primeros","status":"publish","type":"post","link":"https:\/\/www.locoxelrojo.com\/independiente\/2013\/11\/14\/parra-estamos-mejor-pero-tenemos-que-estar-primeros\/","title":{"rendered":"Parra: \u201cEstamos mejor, pero tenemos que estar primeros\u201d"},"content":{"rendered":"<p>Facundo Parra expres\u00f3 sus sensaciones despu\u00e9s de la goleada ante Ferro y se mostr\u00f3 conforme por la mejora del equipo, aunque remarc\u00f3 que el objetivo es alcanzar la punta del campeonato. Adem\u00e1s, elogi\u00f3 a Omar De Felippe, analiz\u00f3 la evoluci\u00f3n grupal desde la llegada del DT y explic\u00f3 por qu\u00e9 le peg\u00f3 pi\u00f1as al banco de suplentes cuando fue reemplazado en el \u00faltimo partido.<\/p>\n<p><strong>\u201cPara nosotros es una satisfacci\u00f3n ver la tabla de posiciones y encontrarnos ah\u00ed arriba. Este camino es el que nosotros est\u00e1bamos buscando\u201d<\/strong>, remarc\u00f3 el delantero en di\u00e1logo con <em>90 Minutos de F\u00fatbol<\/em>, y agreg\u00f3:<strong> \u201cNos falta mucho para llegar al techo, tenemos mucho para dar. Ahora nos est\u00e1 acompa\u00f1ando la suerte\u201d<\/strong>.<\/p>\n<p>Parra destac\u00f3 que <strong>\u201clas cosas est\u00e1n saliendo y no son casualidad\u201d<\/strong>, y fue cauto al opinar sobre la levantada del equipo: <strong>\u201cNi siquiera ahora estamos en puestos de ascenso. Estamos mejor, pero tenemos que estar primeros, por lo que es Independiente y por lo que signfica. Ese es el objetivo\u201d<\/strong>.<\/p>\n<p>Por otra parte, resalt\u00f3 los puntos altos de la direcci\u00f3n t\u00e9cnica de De Felippe: <strong>\u201cDesde que empez\u00f3 este ciclo con Omar las cosas se hicieron muy bien. M\u00e1s all\u00e1 de alg\u00fan traspi\u00e9, se mejor\u00f3 much\u00edsimo. Hay demostraci\u00f3n de actitud en todas las l\u00edneas y en todos los jugadores\u201d<\/strong>. Adem\u00e1s, consider\u00f3 que <strong>\u201cser\u00eda muy il\u00f3gico\u201d<\/strong> pensar que todos los partidos ser\u00e1n f\u00e1ciles:<strong> \u201cLe ganamos a Ferro, pero no por eso le vamos a ganar caminando a Douglas Haig\u201d<\/strong>.<\/p>\n<p>Finalmente, el delantero explic\u00f3 los motivos de su reacci\u00f3n violenta cuando el DT decidi\u00f3 sustituirlo ante Ferro: <strong>\u201cTengo sangre en las venas, y si me toca salir, me enojo; no con el t\u00e9cnico, sino conmigo mismo. La contractura del gemelo me estaba molestando desde el primer tiempo y no me quedaba la posibilidad de hacer un gol. Pasan los minutos y te vas fastidiando, y cuando vino el cambio me termin\u00e9 de fastidiar\u201d<\/strong>.<\/p>\n","protected":false},"excerpt":{"rendered":"<p>Facundo Parra expres\u00f3 sus sensaciones despu\u00e9s de la goleada ante Ferro y se mostr\u00f3 conforme por la mejora del equipo, aunque remarc\u00f3 que el objetivo es alcanzar la punta del campeonato. Adem\u00e1s, elogi\u00f3 a Omar De Felippe, analiz\u00f3 la evoluci\u00f3n grupal desde la llegada del DT y explic\u00f3 por qu\u00e9 le peg\u00f3 pi\u00f1as al banco [&hellip;]<\/p>\n","protected":false},"author":8,"featured_media":38138,"comment_status":"closed","ping_status":"closed","sticky":false,"template":"","format":"standard","meta":{"_links_to":"","_links_to_target":""},"categories":[3,1],"tags":[2330,36,2413],"_links":{"self":[{"href":"https:\/\/www.locoxelrojo.com\/independiente\/wp-json\/wp\/v2\/posts\/38135"}],"collection":[{"href":"https:\/\/www.locoxelrojo.com\/independiente\/wp-json\/wp\/v2\/posts"}],"about":[{"href":"https:\/\/www.locoxelrojo.com\/independiente\/wp-json\/wp\/v2\/types\/post"}],"author":[{"embeddable":true,"href":"https:\/\/www.locoxelrojo.com\/independiente\/wp-json\/wp\/v2\/users\/8"}],"replies":[{"embeddable":true,"href":"https:\/\/www.locoxelrojo.com\/independiente\/wp-json\/wp\/v2\/comments?post=38135"}],"version-history":[{"count":0,"href":"https:\/\/www.locoxelrojo.com\/independiente\/wp-json\/wp\/v2\/posts\/38135\/revisions"}],"wp:featuredmedia":[{"embeddable":true,"href":"https:\/\/www.locoxelrojo.com\/independiente\/wp-json\/wp\/v2\/media\/38138"}],"wp:attachment":[{"href":"https:\/\/www.locoxelrojo.com\/independiente\/wp-json\/wp\/v2\/media?parent=38135"}],"wp:term":[{"taxonomy":"category","embeddable":true,"href":"https:\/\/www.locoxelrojo.com\/independiente\/wp-json\/wp\/v2\/categories?post=38135"},{"taxonomy":"post_tag","embeddable":true,"href":"https:\/\/www.locoxelrojo.com\/independiente\/wp-json\/wp\/v2\/tags?post=38135"}],"curies":[{"name":"wp","href":"https:\/\/api.w.org\/{rel}","templated":true}]}}