{"id":38337,"date":"2013-11-21T13:43:58","date_gmt":"2013-11-21T16:43:58","guid":{"rendered":"http:\/\/www.locoxelrojo.com.ar\/independiente\/?p=38337"},"modified":"2013-11-21T13:43:58","modified_gmt":"2013-11-21T16:43:58","slug":"de-felippe-defensa-nos-agarra-en-un-buen-momento","status":"publish","type":"post","link":"https:\/\/www.locoxelrojo.com\/independiente\/2013\/11\/21\/de-felippe-defensa-nos-agarra-en-un-buen-momento\/","title":{"rendered":"De Felippe: &#8220;Defensa nos agarra en un buen momento&#8221;"},"content":{"rendered":"<p>Omar De Felippe entendi\u00f3 que Defensa y Justicia <strong>deber\u00e1 enfrentar a Independiente en un buen momento del &#8220;Rojo&#8221;. Por otro lado, destac\u00f3 la valla invicta de Diego Rodr\u00edguez y explic\u00f3 que le dar\u00e1 tiempo a Claudio Morel Rodr\u00edguez para ponerse al 100% en lo f\u00edsico.<\/strong><\/p>\n<p><strong>&#8220;Es un lindo partido, pero no creo que sea el del a\u00f1o. Teniendo en cuenta como viene Defensa, un buen equipo en una cancha complicada, nos agarra en un buen momento.\u00a0<strong>Seguramente va a ser el mismo equipo, concentraron los mismos, as\u00ed que podemos repetir&#8221;,<\/strong><\/strong>\u00a0expres\u00f3 el entrenador en rueda de prensa. <strong>&#8220;Tenemos que adaptarnos<strong>. Si es un equipo que maneja bien la pelota tenemos que sacarle el ritmo, si lo hacemos, seguramente hagamos un buen partido&#8221;, <\/strong><\/strong>agreg\u00f3.<\/p>\n<p>Al ser consultado por los cinco partidos sin recibir goles del &#8220;Ruso&#8221; Rodr\u00edguez, <strong>De Felippe mostr\u00f3 su alegr\u00eda, pero opin\u00f3 que &#8220;es un trabajo de equipo&#8221; y que los jugadores &#8220;est\u00e1n m\u00e1s sueltos&#8221;, lo que beneficia a todos por igual.<\/strong><\/p>\n<p>Respecto de la lesi\u00f3n de Morel Rodr\u00edguez y su ausencia en la lista de concentrados, cont\u00f3:<strong> &#8220;Viene bien, pero queremos darle una semana entera de trabajo y a partir de ah\u00ed que est\u00e9 con nosotros definitivamente&#8221;.<\/strong><\/p>\n<p>Por \u00faltimo, hizo referencia a la charla de ayer entre los jugadores y Javier Cantero por la deuda que tiene con el plantel: <strong>&#8220;Los chicos ten\u00edan una inquietud y hablaron con el presidente. Va a hacer el esfuerzo para tratar de cumplir lo que los jugadores le pidieron&#8221;,<\/strong> cerr\u00f3.<\/p>\n<p>&nbsp;<\/p>\n","protected":false},"excerpt":{"rendered":"<p>Omar De Felippe entendi\u00f3 que Defensa y Justicia deber\u00e1 enfrentar a Independiente en un buen momento del &#8220;Rojo&#8221;. Por otro lado, destac\u00f3 la valla invicta de Diego Rodr\u00edguez y explic\u00f3 que le dar\u00e1 tiempo a Claudio Morel Rodr\u00edguez para ponerse al 100% en lo f\u00edsico. &#8220;Es un lindo partido, pero no creo que sea el [&hellip;]<\/p>\n","protected":false},"author":11,"featured_media":38344,"comment_status":"closed","ping_status":"closed","sticky":false,"template":"","format":"standard","meta":{"_links_to":"","_links_to_target":""},"categories":[3,1],"tags":[2032],"_links":{"self":[{"href":"https:\/\/www.locoxelrojo.com\/independiente\/wp-json\/wp\/v2\/posts\/38337"}],"collection":[{"href":"https:\/\/www.locoxelrojo.com\/independiente\/wp-json\/wp\/v2\/posts"}],"about":[{"href":"https:\/\/www.locoxelrojo.com\/independiente\/wp-json\/wp\/v2\/types\/post"}],"author":[{"embeddable":true,"href":"https:\/\/www.locoxelrojo.com\/independiente\/wp-json\/wp\/v2\/users\/11"}],"replies":[{"embeddable":true,"href":"https:\/\/www.locoxelrojo.com\/independiente\/wp-json\/wp\/v2\/comments?post=38337"}],"version-history":[{"count":0,"href":"https:\/\/www.locoxelrojo.com\/independiente\/wp-json\/wp\/v2\/posts\/38337\/revisions"}],"wp:featuredmedia":[{"embeddable":true,"href":"https:\/\/www.locoxelrojo.com\/independiente\/wp-json\/wp\/v2\/media\/38344"}],"wp:attachment":[{"href":"https:\/\/www.locoxelrojo.com\/independiente\/wp-json\/wp\/v2\/media?parent=38337"}],"wp:term":[{"taxonomy":"category","embeddable":true,"href":"https:\/\/www.locoxelrojo.com\/independiente\/wp-json\/wp\/v2\/categories?post=38337"},{"taxonomy":"post_tag","embeddable":true,"href":"https:\/\/www.locoxelrojo.com\/independiente\/wp-json\/wp\/v2\/tags?post=38337"}],"curies":[{"name":"wp","href":"https:\/\/api.w.org\/{rel}","templated":true}]}}