{"id":38346,"date":"2013-11-21T17:16:59","date_gmt":"2013-11-21T20:16:59","guid":{"rendered":"http:\/\/www.locoxelrojo.com.ar\/independiente\/?p=38346"},"modified":"2013-11-21T17:16:59","modified_gmt":"2013-11-21T20:16:59","slug":"baez-los-dirigentes-dijeron-que-no-me-conocian","status":"publish","type":"post","link":"https:\/\/www.locoxelrojo.com\/independiente\/2013\/11\/21\/baez-los-dirigentes-dijeron-que-no-me-conocian\/","title":{"rendered":"B\u00e1ez: \u201cLos dirigentes dijeron que no me conoc\u00edan\u201d"},"content":{"rendered":"<p>Javier B\u00e1ez habl\u00f3 con tristeza sobre su pasado en Independiente. El defensor, que est\u00e1 a pr\u00e9stamo en Defensa y Justicia y enfrentar\u00e1 al Rojo por primera vez, reconoci\u00f3 que ser\u00e1 un partido especial para \u00e9l por ser hincha, y tambi\u00e9n por el duro golpe que le produjo no ser reconocido por los dirigentes el d\u00eda que regres\u00f3 a Avellaneda.<\/p>\n<p><strong>\u201cCuando estaba terminando el torneo en Instituto pensaba que pod\u00eda tener alguna chance, pero me dijeron que no me iban a tener en cuenta. Me golpe\u00f3 que me hayan dicho que no me conoc\u00edan, que no sab\u00edan d\u00f3nde hab\u00eda jugado. Me pareci\u00f3 una falta de respeto de los dirigentes<strong>\u201d<\/strong><\/strong>, coment\u00f3 B\u00e1ez en di\u00e1logo con <em>InfiernoRojo Radio<\/em>.<\/p>\n<p>El defensor revel\u00f3 las sensaciones que vivi\u00f3 cuando debi\u00f3 dejar el club: <strong>\u201cMe di cuenta que el cambio es grande. Uno no se da cuenta de d\u00f3nde est\u00e1 parado. Tal vez no estaba tan maduro para jugar en su momento<strong><strong>\u201d<\/strong><\/strong><\/strong>. Adem\u00e1s, pidi\u00f3 <strong>\u201cque los chicos que juegan ahora se den cuenta de lo grande que es Independiente<strong><strong>\u201d<\/strong><\/strong><\/strong> y se alegr\u00f3 por el buen presente de sus excompa\u00f1eros de Inferiores: <strong>\u201cEl otro d\u00eda le mand\u00e9 un mensaje a Vidal felicit\u00e1ndolo<strong>\u201d<\/strong><\/strong>.<\/p>\n<p>Por otro lado, B\u00e1ez habl\u00f3 de esta etapa en su carrera antes del partido del s\u00e1bado ante el Rojo. <strong>\u201cEs una situaci\u00f3n rara y especial enfrentar por primera vez a Independiente. Ac\u00e1 me cost\u00f3 adaptarme al lateral derecho. Con el correr de las fechas me fui acomodando. Defensa trata de jugar bien<strong>\u201d<\/strong>.<\/strong><\/p>\n<p>El autor del recordado 1-0 ante Racing en 2010 cont\u00f3 que tiene contrato con el club hasta 2015, pero no se ilusiona con la vuelta: <strong>\u201cYo creo que no voy a volver a tener una chance en Independiente<strong>\u201d<\/strong><\/strong>. Finalmente, tras confirmar su fanatismo por el Rojo, record\u00f3 la fat\u00eddica definici\u00f3n de la Copa Suruga Bank: <strong>\u201cEl penal que err\u00e9 en Jap\u00f3n es una herida que no va a cerrar nunca. Llor\u00e9 mucho<strong>\u201d<\/strong><\/strong>.<\/p>\n","protected":false},"excerpt":{"rendered":"<p>Javier B\u00e1ez habl\u00f3 con tristeza sobre su pasado en Independiente. El defensor, que est\u00e1 a pr\u00e9stamo en Defensa y Justicia y enfrentar\u00e1 al Rojo por primera vez, reconoci\u00f3 que ser\u00e1 un partido especial para \u00e9l por ser hincha, y tambi\u00e9n por el duro golpe que le produjo no ser reconocido por los dirigentes el d\u00eda [&hellip;]<\/p>\n","protected":false},"author":8,"featured_media":38349,"comment_status":"closed","ping_status":"closed","sticky":false,"template":"","format":"standard","meta":{"_links_to":"","_links_to_target":""},"categories":[3,1],"tags":[2107,896,221],"_links":{"self":[{"href":"https:\/\/www.locoxelrojo.com\/independiente\/wp-json\/wp\/v2\/posts\/38346"}],"collection":[{"href":"https:\/\/www.locoxelrojo.com\/independiente\/wp-json\/wp\/v2\/posts"}],"about":[{"href":"https:\/\/www.locoxelrojo.com\/independiente\/wp-json\/wp\/v2\/types\/post"}],"author":[{"embeddable":true,"href":"https:\/\/www.locoxelrojo.com\/independiente\/wp-json\/wp\/v2\/users\/8"}],"replies":[{"embeddable":true,"href":"https:\/\/www.locoxelrojo.com\/independiente\/wp-json\/wp\/v2\/comments?post=38346"}],"version-history":[{"count":0,"href":"https:\/\/www.locoxelrojo.com\/independiente\/wp-json\/wp\/v2\/posts\/38346\/revisions"}],"wp:featuredmedia":[{"embeddable":true,"href":"https:\/\/www.locoxelrojo.com\/independiente\/wp-json\/wp\/v2\/media\/38349"}],"wp:attachment":[{"href":"https:\/\/www.locoxelrojo.com\/independiente\/wp-json\/wp\/v2\/media?parent=38346"}],"wp:term":[{"taxonomy":"category","embeddable":true,"href":"https:\/\/www.locoxelrojo.com\/independiente\/wp-json\/wp\/v2\/categories?post=38346"},{"taxonomy":"post_tag","embeddable":true,"href":"https:\/\/www.locoxelrojo.com\/independiente\/wp-json\/wp\/v2\/tags?post=38346"}],"curies":[{"name":"wp","href":"https:\/\/api.w.org\/{rel}","templated":true}]}}