{"id":3835,"date":"2011-01-06T19:06:48","date_gmt":"2011-01-06T21:06:48","guid":{"rendered":"http:\/\/www.locoxelrojo.com.ar\/independiente\/?p=3835"},"modified":"2011-01-06T20:13:26","modified_gmt":"2011-01-06T22:13:26","slug":"busse-estoy-muy-cansado-pero-feliz-de-estar-aca-con-mis-companeros","status":"publish","type":"post","link":"https:\/\/www.locoxelrojo.com\/independiente\/2011\/01\/06\/busse-estoy-muy-cansado-pero-feliz-de-estar-aca-con-mis-companeros\/","title":{"rendered":"Busse: &#8220;Estoy muy cansado, pero feliz de estar ac\u00e1 con mis compa\u00f1eros&#8221;"},"content":{"rendered":"<p><a href=\"http:\/\/www.locoxelrojo.com.ar\/independiente\/wp-content\/uploads\/2011\/01\/bussewalter.jpg\"><img loading=\"lazy\" class=\"alignnone size-full wp-image-3836\" title=\"bussewalter\" src=\"http:\/\/www.locoxelrojo.com.ar\/independiente\/wp-content\/uploads\/2011\/01\/bussewalter.jpg\" alt=\"\" width=\"550\" height=\"315\" srcset=\"https:\/\/locoxelrojo.com\/independiente\/wp-content\/uploads\/2011\/01\/bussewalter.jpg 550w, https:\/\/locoxelrojo.com\/independiente\/wp-content\/uploads\/2011\/01\/bussewalter-300x171.jpg 300w\" sizes=\"(max-width: 550px) 100vw, 550px\" \/><\/a><\/p>\n<p>Luego de la lesi\u00f3n que lo mantuvo al margen del equipo por casi 9 meses. Walter Busse arranc\u00f3 la pretemporada junto al resto de sus compa\u00f1eros y paso por Estudio F\u00fatbol y cont\u00f3 como va preparando su vuelta a las canchas. <strong>\u201cEstoy cansado, muerto. Gracias a Dios corriendo a la par de mis compa\u00f1eros. Reci\u00e9n hablaba con el m\u00e9dico y me dec\u00eda: \u2018si tus compa\u00f1eros est\u00e1n cansados, vos que no te exig\u00eds hace 8 meses tenes que estar muerto\u2019. \u00a0Pero estoy feliz porque estoy ac\u00e1 con el grupo y por volver a trabajar a la par del resto\u201d.<\/strong><\/p>\n<p>Mucho se habl\u00f3 sobre el tiempo de recuperaci\u00f3n tan prolongado que llev\u00f3 la lesi\u00f3n de Busse. Con Fredes en su nueva posici\u00f3n de doble cinco, y con Cabrera jugando de titular, el puesto qued\u00f3 sin un recambio. Desde la dirigencia y el cuerpo t\u00e9cnico optaron por la llegada de Iv\u00e1n V\u00e9lez. Tambi\u00e9n se espera con la llegada de Mat\u00edas Defederico para las pr\u00f3ximas horas y el salte\u00f1o dio su opini\u00f3n sobre la llegada de sus nuevos compa\u00f1eros. <strong>\u201cHay un muy buen plantel, por sobre todas las cosas muy buenas personas, uno se da cuenta en el grupo que tiene Independiente. No es casualidad, los logros creo que se consiguen as\u00ed. Pero la competencia es linda y si llegan compa\u00f1eros o m\u00e1s refuerzos para sumar siempre es bueno\u201d.<\/strong><\/p>\n<p>Tanto tiempo afuera de las canchas para Busse es un volver a empezar. Perdi\u00f3 mucho terreno y su deseo es volver a recuperar pronto su lugar. <strong>\u201cNadie tiene el puesto asegurado y uno tiene que trabajar siempre para ganarse un lugar. Aun cuando uno es titular siempre tiene que demostrar para jugar el pr\u00f3ximo partido. Gracias a Dios deje una buena imagen y hay que volver a eso\u201d.<\/strong><\/p>\n<p>La lesi\u00f3n ya qued\u00f3 atr\u00e1s. Pero Walter sac\u00f3 al descubierto sus miedos y sensaciones durante su recuperaci\u00f3n. <strong>\u201cEs dif\u00edcil y es duro. Hay pensamientos y situaciones que s\u00f3lo lo sabe el jugador. \u00a0Uno para no preocupar para demostrar que estas bien trata de ocultarlo o cont\u00e1rselo a un familiar o un amigo\u201d<\/strong>, confes\u00f3.<\/p>\n<p><strong>\u201cUno siempre tiene dudas. Si vas a volver bien. Si no te va a doler. Si vas a volver a ser lo de antes. Si vas a quedar bien o mal. Pero esto es lo m\u00e1s lindo cuando volv\u00e9s y te das cuenta que ya paso. Lo he superado y antes de empezar el campeonato jugu\u00e9 en Reserva y la pretemporada me encontr\u00f3 de otra forma. Si bien hay d\u00edas que me levanto con dolores, es normal\u201d<\/strong>, agreg\u00f3 el jugador que no disput\u00f3 ning\u00fan minuto en el \u00faltimo semestre.<\/p>\n<p>Sobre su vuelta al equipo cont\u00f3 que todav\u00eda no convers\u00f3 con el Turco sobre donde piensa utilizarlo. <strong>\u201cMe ha tocado jugar en todos los puestos. Hasta jugu\u00e9 de cuatro con el Tolo. Yo trato de hacer lo mejor en todas las posiciones. Hasta ahora no lo hable con el Turco, en las pr\u00e1cticas cuando me toc\u00f3 jugar lo hice de ocho\u201d<\/strong>.<\/p>\n<p>Veremos como sigue el d\u00eda a d\u00eda de Walter Busse, lo importante para despejar dudas es que trabaja en la pretemporada a la par de sus compa\u00f1eros.<\/p>\n","protected":false},"excerpt":{"rendered":"<p>Luego de la lesi\u00f3n que lo mantuvo al margen del equipo por casi 9 meses. Walter Busse arranc\u00f3 la pretemporada junto al resto de sus compa\u00f1eros y paso por Estudio F\u00fatbol y cont\u00f3 como va preparando su vuelta a las canchas. \u201cEstoy cansado, muerto. Gracias a Dios corriendo a la par de mis compa\u00f1eros. Reci\u00e9n [&hellip;]<\/p>\n","protected":false},"author":1,"featured_media":0,"comment_status":"open","ping_status":"open","sticky":false,"template":"","format":"standard","meta":{"_links_to":"","_links_to_target":""},"categories":[3,1],"tags":[115,153,28],"_links":{"self":[{"href":"https:\/\/www.locoxelrojo.com\/independiente\/wp-json\/wp\/v2\/posts\/3835"}],"collection":[{"href":"https:\/\/www.locoxelrojo.com\/independiente\/wp-json\/wp\/v2\/posts"}],"about":[{"href":"https:\/\/www.locoxelrojo.com\/independiente\/wp-json\/wp\/v2\/types\/post"}],"author":[{"embeddable":true,"href":"https:\/\/www.locoxelrojo.com\/independiente\/wp-json\/wp\/v2\/users\/1"}],"replies":[{"embeddable":true,"href":"https:\/\/www.locoxelrojo.com\/independiente\/wp-json\/wp\/v2\/comments?post=3835"}],"version-history":[{"count":0,"href":"https:\/\/www.locoxelrojo.com\/independiente\/wp-json\/wp\/v2\/posts\/3835\/revisions"}],"wp:attachment":[{"href":"https:\/\/www.locoxelrojo.com\/independiente\/wp-json\/wp\/v2\/media?parent=3835"}],"wp:term":[{"taxonomy":"category","embeddable":true,"href":"https:\/\/www.locoxelrojo.com\/independiente\/wp-json\/wp\/v2\/categories?post=3835"},{"taxonomy":"post_tag","embeddable":true,"href":"https:\/\/www.locoxelrojo.com\/independiente\/wp-json\/wp\/v2\/tags?post=3835"}],"curies":[{"name":"wp","href":"https:\/\/api.w.org\/{rel}","templated":true}]}}