{"id":38351,"date":"2013-11-22T16:00:30","date_gmt":"2013-11-22T19:00:30","guid":{"rendered":"http:\/\/www.locoxelrojo.com.ar\/independiente\/?p=38351"},"modified":"2015-10-09T23:46:19","modified_gmt":"2015-10-10T02:46:19","slug":"ustari-ojala-pueda-volver-a-compartir-vestuario-con-el-kun-en-independiente","status":"publish","type":"post","link":"https:\/\/www.locoxelrojo.com\/independiente\/2013\/11\/22\/ustari-ojala-pueda-volver-a-compartir-vestuario-con-el-kun-en-independiente\/","title":{"rendered":"Ustari: &#8220;Ojal\u00e1 pueda volver a compartir vestuario con el &#8216;Kun&#8217; en Independiente&#8221;"},"content":{"rendered":"<p>Oscar Ustari expres\u00f3 <strong>su deseo de volver a compartir el vestuario con Sergio Ag\u00fcero en Independiente en el futuro. Por otro lado, se refiri\u00f3 al momento que vive el &#8220;Rojo&#8221; en el descenso y record\u00f3 aquel grito de gol cuando jugaba para Boca contra el club de Avellaneda.<\/strong><\/p>\n<p><strong>&#8220;Tuve la suerte de jugar en uno de los equipos mas grandes del mundo.\u00a0Jam\u00e1s dije que no jugar\u00eda en la B, s\u00f3lo dije que no era el momento para volver.\u00a0Ojal\u00e1 pueda volver a compartir el vestuario con el &#8220;Kun&#8221; en Independiente. Si las cosas se tienen que dar, bienvenido sea porque soy hincha de este club y amo a este club&#8221;<\/strong>, manifest\u00f3 el arquero en di\u00e1logo con M\u00e1s Rojo.<\/p>\n<p>Luego, hizo referencia al descenso y a lo que espera en el futuro con la llegada de Omar De Felippe:<strong> &#8220;Independiente tiene que estar bien para subir, no puede subir y volver a bajar. Si sube, no puede bajar m\u00e1s.\u00a0Cuando me enter\u00e9 que De Felippe agarraba Independiente me puse muy contento, es muy trabajador&#8221;.<\/strong><\/p>\n<p>Por \u00faltimo, cont\u00f3 que quiso volver al club antes del descenso y se disculp\u00f3 por el grito del gol de Boca:<strong> &#8220;Antes de arreglar con Boca les hice llegar la necesidad y ganas que ten\u00eda de volver al club. Lo hice mediante mi representante y mi suegro, pero entend\u00ed la situaci\u00f3n del club. \u00a0A Boca no fui por dinero, fui por necesidad. Estaba cansado de que me digan cualquier barbaridad en ese partido los hinchas de Boca por jugar contra mi ex equipo y cuando hace el gol S\u00e1nchez Mi\u00f1o me sali\u00f3 descargarme. Ped\u00ed disculpas porque entend\u00ed que me equivoqu\u00e9&#8221;.<\/strong><\/p>\n","protected":false},"excerpt":{"rendered":"<p>Oscar Ustari expres\u00f3 su deseo de volver a compartir el vestuario con Sergio Ag\u00fcero en Independiente en el futuro. Por otro lado, se refiri\u00f3 al momento que vive el &#8220;Rojo&#8221; en el descenso y record\u00f3 aquel grito de gol cuando jugaba para Boca contra el club de Avellaneda. &#8220;Tuve la suerte de jugar en uno [&hellip;]<\/p>\n","protected":false},"author":11,"featured_media":38371,"comment_status":"closed","ping_status":"closed","sticky":false,"template":"","format":"standard","meta":{"_links_to":"","_links_to_target":""},"categories":[3,1],"tags":[153,384,143],"_links":{"self":[{"href":"https:\/\/www.locoxelrojo.com\/independiente\/wp-json\/wp\/v2\/posts\/38351"}],"collection":[{"href":"https:\/\/www.locoxelrojo.com\/independiente\/wp-json\/wp\/v2\/posts"}],"about":[{"href":"https:\/\/www.locoxelrojo.com\/independiente\/wp-json\/wp\/v2\/types\/post"}],"author":[{"embeddable":true,"href":"https:\/\/www.locoxelrojo.com\/independiente\/wp-json\/wp\/v2\/users\/11"}],"replies":[{"embeddable":true,"href":"https:\/\/www.locoxelrojo.com\/independiente\/wp-json\/wp\/v2\/comments?post=38351"}],"version-history":[{"count":0,"href":"https:\/\/www.locoxelrojo.com\/independiente\/wp-json\/wp\/v2\/posts\/38351\/revisions"}],"wp:featuredmedia":[{"embeddable":true,"href":"https:\/\/www.locoxelrojo.com\/independiente\/wp-json\/wp\/v2\/media\/38371"}],"wp:attachment":[{"href":"https:\/\/www.locoxelrojo.com\/independiente\/wp-json\/wp\/v2\/media?parent=38351"}],"wp:term":[{"taxonomy":"category","embeddable":true,"href":"https:\/\/www.locoxelrojo.com\/independiente\/wp-json\/wp\/v2\/categories?post=38351"},{"taxonomy":"post_tag","embeddable":true,"href":"https:\/\/www.locoxelrojo.com\/independiente\/wp-json\/wp\/v2\/tags?post=38351"}],"curies":[{"name":"wp","href":"https:\/\/api.w.org\/{rel}","templated":true}]}}