{"id":38356,"date":"2013-11-22T16:18:58","date_gmt":"2013-11-22T19:18:58","guid":{"rendered":"http:\/\/www.locoxelrojo.com.ar\/independiente\/?p=38356"},"modified":"2013-11-22T16:18:58","modified_gmt":"2013-11-22T19:18:58","slug":"todo-listo-en-varela-para-recibir-a-independiente","status":"publish","type":"post","link":"https:\/\/www.locoxelrojo.com\/independiente\/2013\/11\/22\/todo-listo-en-varela-para-recibir-a-independiente\/","title":{"rendered":"Todo listo en Varela para recibir a Independiente"},"content":{"rendered":"<p>Defensa y Justicia ya tiene todo preparado para recibir a Independiente por primera vez en su historia. El conjunto de Varela contar\u00e1 con la presencia de Javier B\u00e1ez y Walter Busse, ambos ex Independiente quienes est\u00e1n a pr\u00e9stamo en el &#8220;Halc\u00f3n&#8221;.<\/p>\n<p>Con 36 puntos acumulados, Defensa y Justicia viene segundo en el campeonato, detr\u00e1s del puntero Banfield. Con la premisa de mantener la distancia con sus perseguidores y no perderle pisada al &#8220;Taladro&#8221;, el t\u00e9cnico Diego Cocca no tocar\u00e1 demasiado el equipo para recibir a Independiente.<\/p>\n<p><strong>Emanuel Aguilera vuelve a la defensa en reemplazo de Emir Faccioli, quien lleg\u00f3 a la quinta amarilla. Por su parte, Adri\u00e1n Iglesias ser\u00e1 el lateral izquierda, por lo tanto, Marcelo Ben\u00edtez ocupar\u00e1 el carril izquierdo del mediocampo mientras que Washington Camacho ser\u00e1 el enlace del equipo.<\/strong><\/p>\n<p><strong>Javier B\u00e1ez y Walter Busse, cuyos pases perteneces a Independiente, ser\u00e1n de la partida. Por el defensor no corre ninguna clausula que impida su participaci\u00f3n, mientras que por el volante si se tomaron las medidas correspondientes, pero hay una vieja deuda que el &#8220;Rojo&#8221; mantiene con Defensa por la utilizaci\u00f3n del predio en Bosques.<\/strong> De esta manera, ambos jugadores enfrentar\u00e1n a su ex equipo.<\/p>\n<p>Los once de Cocca ser\u00e1n: <strong>Fernando Pellegrino, Javier B\u00e1ez, Juan Tejera, Emanuel Aguilera, Adri\u00e1n Iglesias, Walter Busse, Nelson Acevedo, Marcelo Ben\u00edtez, Washington Camacho, Juan Lucero y Claudio Guerra.<\/strong><\/p>\n","protected":false},"excerpt":{"rendered":"<p>Defensa y Justicia ya tiene todo preparado para recibir a Independiente por primera vez en su historia. El conjunto de Varela contar\u00e1 con la presencia de Javier B\u00e1ez y Walter Busse, ambos ex Independiente quienes est\u00e1n a pr\u00e9stamo en el &#8220;Halc\u00f3n&#8221;. Con 36 puntos acumulados, Defensa y Justicia viene segundo en el campeonato, detr\u00e1s del [&hellip;]<\/p>\n","protected":false},"author":1,"featured_media":38357,"comment_status":"closed","ping_status":"closed","sticky":false,"template":"","format":"standard","meta":{"_links_to":"","_links_to_target":""},"categories":[1990,1],"tags":[896,2445,2446,221,28],"_links":{"self":[{"href":"https:\/\/www.locoxelrojo.com\/independiente\/wp-json\/wp\/v2\/posts\/38356"}],"collection":[{"href":"https:\/\/www.locoxelrojo.com\/independiente\/wp-json\/wp\/v2\/posts"}],"about":[{"href":"https:\/\/www.locoxelrojo.com\/independiente\/wp-json\/wp\/v2\/types\/post"}],"author":[{"embeddable":true,"href":"https:\/\/www.locoxelrojo.com\/independiente\/wp-json\/wp\/v2\/users\/1"}],"replies":[{"embeddable":true,"href":"https:\/\/www.locoxelrojo.com\/independiente\/wp-json\/wp\/v2\/comments?post=38356"}],"version-history":[{"count":0,"href":"https:\/\/www.locoxelrojo.com\/independiente\/wp-json\/wp\/v2\/posts\/38356\/revisions"}],"wp:featuredmedia":[{"embeddable":true,"href":"https:\/\/www.locoxelrojo.com\/independiente\/wp-json\/wp\/v2\/media\/38357"}],"wp:attachment":[{"href":"https:\/\/www.locoxelrojo.com\/independiente\/wp-json\/wp\/v2\/media?parent=38356"}],"wp:term":[{"taxonomy":"category","embeddable":true,"href":"https:\/\/www.locoxelrojo.com\/independiente\/wp-json\/wp\/v2\/categories?post=38356"},{"taxonomy":"post_tag","embeddable":true,"href":"https:\/\/www.locoxelrojo.com\/independiente\/wp-json\/wp\/v2\/tags?post=38356"}],"curies":[{"name":"wp","href":"https:\/\/api.w.org\/{rel}","templated":true}]}}