{"id":38374,"date":"2013-11-23T09:27:05","date_gmt":"2013-11-23T12:27:05","guid":{"rendered":"http:\/\/www.locoxelrojo.com.ar\/independiente\/?p=38374"},"modified":"2013-11-23T09:27:05","modified_gmt":"2013-11-23T12:27:05","slug":"achicar-diferencia","status":"publish","type":"post","link":"https:\/\/www.locoxelrojo.com\/independiente\/2013\/11\/23\/achicar-diferencia\/","title":{"rendered":"Achicar diferencia"},"content":{"rendered":"<p>Independiente visitar\u00e1 esta tarde a Defensa y Justicia, desde las 17, por la fecha 19 de la B Nacional 2013\/2014 con el arbitraje de Alejandro Castro. Ser\u00e1 el primer enfrentamiento en la historia entre ambos equipos y en el &#8220;Halc\u00f3n&#8221; estar\u00e1n presentes dos jugadores que a\u00fan pertenecen al &#8220;Rojo&#8221;: Javier B\u00e1ez y Walter Busse.<\/p>\n<p><strong>Por tercera vez consecutiva, Omar De Felippe repite la formaci\u00f3n inicial y sabe que en caso de ganar, Independiente le descontar\u00e1 tres puntos claves a su rival de esta tarde, que marcha segundo en el campeonato.<\/strong> Nuevamente el triunfo de Crucero del Norte, esta vez ante Aldosivi por 1 a 0, le impedir\u00e1 al &#8220;Rojo&#8221; meterse en zona de ascenso.<\/p>\n<p><strong>El encuentro de hoy, ser\u00e1 el debut en el historial para Independiente enfrentando a Defensa y Justicia<\/strong>. En el local, hay dos viejos conocidos. <strong>A pesar de estar a pr\u00e9stamo, Javier B\u00e1ez y Walter Busse ser\u00e1n de la partida. Adem\u00e1s, Diego Cocca decidi\u00f3 el regreso de Emanuel Aguilera por Emir Faccioli que lleg\u00f3 a las cinco amarillas. <\/strong><\/p>\n<p><strong>Probables Formaciones:<\/strong><\/p>\n<p><strong>Defensa y Justicia:<\/strong> Fernando Pellegrino, Javier B\u00e1ez, Juan Tejera, Emanuel Aguilera, Adri\u00e1n Iglesias, Walter Busse, Nelson Acevedo, Marcelo Ben\u00edtez, Washington Camacho, Juan Lucero y Claudio Guerra.<br \/>\n<strong>DT:<\/strong> Diego Cocca<\/p>\n<p><strong>Independiente:<\/strong> Diego Rodr\u00edguez, Gabriel Vall\u00e9s, Samuel C\u00e1ceres, Juli\u00e1n Vel\u00e1zquez y Federico Mancuello; Mart\u00edn Zapata, Marcelo Vidal, Leonel Miranda; Mat\u00edas Pisano, Daniel Montenegro y Facundo Parra.<br \/>\n<strong>DT:<\/strong> Omar De Felippe<\/p>\n<p><strong>Hora:<\/strong> 17<\/p>\n<p><strong>\u00c1rbitro:<\/strong> Alejandro Castro<\/p>\n<p><strong>Estadio:<\/strong> Norberto &#8220;Tito&#8221; Tomaghello<\/p>\n","protected":false},"excerpt":{"rendered":"<p>Independiente visitar\u00e1 esta tarde a Defensa y Justicia, desde las 17, por la fecha 19 de la B Nacional 2013\/2014 con el arbitraje de Alejandro Castro. Ser\u00e1 el primer enfrentamiento en la historia entre ambos equipos y en el &#8220;Halc\u00f3n&#8221; estar\u00e1n presentes dos jugadores que a\u00fan pertenecen al &#8220;Rojo&#8221;: Javier B\u00e1ez y Walter Busse. Por [&hellip;]<\/p>\n","protected":false},"author":1,"featured_media":38375,"comment_status":"closed","ping_status":"closed","sticky":false,"template":"","format":"standard","meta":{"_links_to":"","_links_to_target":""},"categories":[3,1],"tags":[2330,153,896,2445,221,2032,28],"_links":{"self":[{"href":"https:\/\/www.locoxelrojo.com\/independiente\/wp-json\/wp\/v2\/posts\/38374"}],"collection":[{"href":"https:\/\/www.locoxelrojo.com\/independiente\/wp-json\/wp\/v2\/posts"}],"about":[{"href":"https:\/\/www.locoxelrojo.com\/independiente\/wp-json\/wp\/v2\/types\/post"}],"author":[{"embeddable":true,"href":"https:\/\/www.locoxelrojo.com\/independiente\/wp-json\/wp\/v2\/users\/1"}],"replies":[{"embeddable":true,"href":"https:\/\/www.locoxelrojo.com\/independiente\/wp-json\/wp\/v2\/comments?post=38374"}],"version-history":[{"count":0,"href":"https:\/\/www.locoxelrojo.com\/independiente\/wp-json\/wp\/v2\/posts\/38374\/revisions"}],"wp:featuredmedia":[{"embeddable":true,"href":"https:\/\/www.locoxelrojo.com\/independiente\/wp-json\/wp\/v2\/media\/38375"}],"wp:attachment":[{"href":"https:\/\/www.locoxelrojo.com\/independiente\/wp-json\/wp\/v2\/media?parent=38374"}],"wp:term":[{"taxonomy":"category","embeddable":true,"href":"https:\/\/www.locoxelrojo.com\/independiente\/wp-json\/wp\/v2\/categories?post=38374"},{"taxonomy":"post_tag","embeddable":true,"href":"https:\/\/www.locoxelrojo.com\/independiente\/wp-json\/wp\/v2\/tags?post=38374"}],"curies":[{"name":"wp","href":"https:\/\/api.w.org\/{rel}","templated":true}]}}