{"id":38382,"date":"2013-11-23T20:03:28","date_gmt":"2013-11-23T23:03:28","guid":{"rendered":"http:\/\/www.locoxelrojo.com.ar\/independiente\/?p=38382"},"modified":"2013-11-23T20:03:28","modified_gmt":"2013-11-23T23:03:28","slug":"valles-se-retiro-lesionado","status":"publish","type":"post","link":"https:\/\/www.locoxelrojo.com\/independiente\/2013\/11\/23\/valles-se-retiro-lesionado\/","title":{"rendered":"Vall\u00e9s se retir\u00f3 lesionado"},"content":{"rendered":"<p>Gabriel Vall\u00e9s no pudo completar el partido ante Defensa y Justicia. En el segundo tiempo, <strong>un esguince de tobillo le impidi\u00f3 seguir en la cancha y tuvo que pedir el cambio<\/strong>.<\/p>\n<p>Todo ocurri\u00f3 a los 16 minutos del complemento ante los de Florencio Varela. <strong>El lateral derecho no pudo seguir por un fuerte dolor en el pie izquierdo<\/strong>\u00a0y se fue reemplazado por el uruguayo Christian N\u00fa\u00f1ez.<\/p>\n<p>La lesi\u00f3n lleg\u00f3 quiz\u00e1s en el mejor momento de Vall\u00e9s desde su llegada a Independiente.<strong> Sumaba 17 partidos y un gol en la B Nacional<\/strong>, siendo uno de los puntos m\u00e1s altos de la defensa.<\/p>\n","protected":false},"excerpt":{"rendered":"<p>Gabriel Vall\u00e9s no pudo completar el partido ante Defensa y Justicia. En el segundo tiempo, un esguince de tobillo le impidi\u00f3 seguir en la cancha y tuvo que pedir el cambio. Todo ocurri\u00f3 a los 16 minutos del complemento ante los de Florencio Varela. El lateral derecho no pudo seguir por un fuerte dolor en [&hellip;]<\/p>\n","protected":false},"author":8,"featured_media":38394,"comment_status":"closed","ping_status":"closed","sticky":false,"template":"","format":"standard","meta":{"_links_to":"","_links_to_target":""},"categories":[3,1],"tags":[2330,153,896,40],"_links":{"self":[{"href":"https:\/\/www.locoxelrojo.com\/independiente\/wp-json\/wp\/v2\/posts\/38382"}],"collection":[{"href":"https:\/\/www.locoxelrojo.com\/independiente\/wp-json\/wp\/v2\/posts"}],"about":[{"href":"https:\/\/www.locoxelrojo.com\/independiente\/wp-json\/wp\/v2\/types\/post"}],"author":[{"embeddable":true,"href":"https:\/\/www.locoxelrojo.com\/independiente\/wp-json\/wp\/v2\/users\/8"}],"replies":[{"embeddable":true,"href":"https:\/\/www.locoxelrojo.com\/independiente\/wp-json\/wp\/v2\/comments?post=38382"}],"version-history":[{"count":0,"href":"https:\/\/www.locoxelrojo.com\/independiente\/wp-json\/wp\/v2\/posts\/38382\/revisions"}],"wp:featuredmedia":[{"embeddable":true,"href":"https:\/\/www.locoxelrojo.com\/independiente\/wp-json\/wp\/v2\/media\/38394"}],"wp:attachment":[{"href":"https:\/\/www.locoxelrojo.com\/independiente\/wp-json\/wp\/v2\/media?parent=38382"}],"wp:term":[{"taxonomy":"category","embeddable":true,"href":"https:\/\/www.locoxelrojo.com\/independiente\/wp-json\/wp\/v2\/categories?post=38382"},{"taxonomy":"post_tag","embeddable":true,"href":"https:\/\/www.locoxelrojo.com\/independiente\/wp-json\/wp\/v2\/tags?post=38382"}],"curies":[{"name":"wp","href":"https:\/\/api.w.org\/{rel}","templated":true}]}}