{"id":38385,"date":"2013-11-23T19:59:53","date_gmt":"2013-11-23T22:59:53","guid":{"rendered":"http:\/\/www.locoxelrojo.com.ar\/independiente\/?p=38385"},"modified":"2015-10-09T23:49:38","modified_gmt":"2015-10-10T02:49:38","slug":"ficha-del-partido-vs-defensa-y-justicia","status":"publish","type":"post","link":"https:\/\/www.locoxelrojo.com\/independiente\/2013\/11\/23\/ficha-del-partido-vs-defensa-y-justicia\/","title":{"rendered":"Ficha del partido vs. Defensa y Justicia"},"content":{"rendered":"<p><strong>Defensa y Justicia (0):<\/strong> Diego Pellegrino; Javier B\u00e1ez, Juan Tejera, Emanuel Aguilera, Adri\u00e1n Iglesias; Walter Busse, Nelson Acevedo, Marcelo Ben\u00edtez, Washington Camacho; Mart\u00edn Lucero y Claudio Guerra.\u00a0DT: Diego Cocca.<\/p>\n<p><strong>Independiente (0):<\/strong> Diego Rodr\u00edguez; Gabriel Vall\u00e9s, Samuel C\u00e1ceres, Juli\u00e1n Vel\u00e1zquez, Federico Mancuello; Mart\u00edn Zapata, Marcelo Vidal; Mat\u00edas Pisano, Daniel Montenegro, Leonel Miranda; Facundo Parra.\u00a0DT: Omar De Felippe.<\/p>\n<p><strong>Goles:<\/strong> No hubo.<\/p>\n<p><strong>Cambios:<\/strong>\u00a016&#8242; ST Christian N\u00fa\u00f1ez por Vall\u00e9s (I), 20&#8242; ST Brian Fernandez por Guerra (DyJ), 24&#8242; ST Diego Yacob por Busse (DyJ), 25&#8242; ST Sergio Ojeda por Mancuello (I), 37&#8242; ST Francisco Pizzini por Zapata (I) y 38&#8242; ST Gonzalo D\u00edaz por Camacho (DyJ).<\/p>\n<p><strong>Amonestados:<\/strong> 6&#8242; PT J. Vel\u00e1zquez (I), 12&#8242; PT Acevedo (DyJ), 43&#8242; PT Pisano (I)\u00a0e\u00a0Iglesias (DyJ), y 41&#8242; ST C\u00e1ceres (I).<\/p>\n<p><strong>Expulsados:<\/strong> 31&#8242; ST Adri\u00e1n Iglesias (DyJ) por doble amarilla.<\/p>\n<p><strong>\u00c1rbitro:<\/strong> Alejandro Castro.<\/p>\n<p><strong>Estadio:<\/strong> Norberto Tomaghello.<\/p>\n","protected":false},"excerpt":{"rendered":"<p>Defensa y Justicia (0): Diego Pellegrino; Javier B\u00e1ez, Juan Tejera, Emanuel Aguilera, Adri\u00e1n Iglesias; Walter Busse, Nelson Acevedo, Marcelo Ben\u00edtez, Washington Camacho; Mart\u00edn Lucero y Claudio Guerra.\u00a0DT: Diego Cocca. Independiente (0): Diego Rodr\u00edguez; Gabriel Vall\u00e9s, Samuel C\u00e1ceres, Juli\u00e1n Vel\u00e1zquez, Federico Mancuello; Mart\u00edn Zapata, Marcelo Vidal; Mat\u00edas Pisano, Daniel Montenegro, Leonel Miranda; Facundo Parra.\u00a0DT: Omar De [&hellip;]<\/p>\n","protected":false},"author":11,"featured_media":38391,"comment_status":"closed","ping_status":"closed","sticky":false,"template":"","format":"standard","meta":{"_links_to":"","_links_to_target":""},"categories":[1988,3,1],"tags":[2332,2330,153,896,295],"_links":{"self":[{"href":"https:\/\/www.locoxelrojo.com\/independiente\/wp-json\/wp\/v2\/posts\/38385"}],"collection":[{"href":"https:\/\/www.locoxelrojo.com\/independiente\/wp-json\/wp\/v2\/posts"}],"about":[{"href":"https:\/\/www.locoxelrojo.com\/independiente\/wp-json\/wp\/v2\/types\/post"}],"author":[{"embeddable":true,"href":"https:\/\/www.locoxelrojo.com\/independiente\/wp-json\/wp\/v2\/users\/11"}],"replies":[{"embeddable":true,"href":"https:\/\/www.locoxelrojo.com\/independiente\/wp-json\/wp\/v2\/comments?post=38385"}],"version-history":[{"count":0,"href":"https:\/\/www.locoxelrojo.com\/independiente\/wp-json\/wp\/v2\/posts\/38385\/revisions"}],"wp:featuredmedia":[{"embeddable":true,"href":"https:\/\/www.locoxelrojo.com\/independiente\/wp-json\/wp\/v2\/media\/38391"}],"wp:attachment":[{"href":"https:\/\/www.locoxelrojo.com\/independiente\/wp-json\/wp\/v2\/media?parent=38385"}],"wp:term":[{"taxonomy":"category","embeddable":true,"href":"https:\/\/www.locoxelrojo.com\/independiente\/wp-json\/wp\/v2\/categories?post=38385"},{"taxonomy":"post_tag","embeddable":true,"href":"https:\/\/www.locoxelrojo.com\/independiente\/wp-json\/wp\/v2\/tags?post=38385"}],"curies":[{"name":"wp","href":"https:\/\/api.w.org\/{rel}","templated":true}]}}