{"id":3840,"date":"2011-01-07T00:51:09","date_gmt":"2011-01-07T02:51:09","guid":{"rendered":"http:\/\/www.locoxelrojo.com.ar\/independiente\/?p=3840"},"modified":"2015-09-09T16:05:21","modified_gmt":"2015-09-09T19:05:21","slug":"te-estan-buscando-mancuello","status":"publish","type":"post","link":"https:\/\/www.locoxelrojo.com\/independiente\/2011\/01\/07\/te-estan-buscando-mancuello\/","title":{"rendered":"Te est\u00e1n buscando, Mancuello"},"content":{"rendered":"<p><a href=\"http:\/\/www.locoxelrojo.com.ar\/independiente\/wp-content\/uploads\/2011\/01\/federicomancuello.jpg\"><img loading=\"lazy\" class=\"alignnone size-full wp-image-3841\" title=\"federicomancuello\" src=\"http:\/\/www.locoxelrojo.com.ar\/independiente\/wp-content\/uploads\/2011\/01\/federicomancuello.jpg\" alt=\"\" width=\"550\" height=\"315\" srcset=\"https:\/\/locoxelrojo.com\/independiente\/wp-content\/uploads\/2011\/01\/federicomancuello.jpg 550w, https:\/\/locoxelrojo.com\/independiente\/wp-content\/uploads\/2011\/01\/federicomancuello-300x171.jpg 300w\" sizes=\"(max-width: 550px) 100vw, 550px\" \/><\/a><\/p>\n<p>Hagamos un poco de memoria. Lleg\u00f3 Mohamed y Mancuello que ven\u00eda de una lesi\u00f3n no pudo recuperar su puesto y tras el esc\u00e1ndalo medi\u00e1tico que hab\u00eda protagonizado Maximiliano Vel\u00e1zquez con Garnero y los dirigentes -se quejaba de que lo hab\u00edan tra\u00eddo para vender a Mareque y ser titular y no era concentrado- Mohamed optaba por poner al representado por Simonian de volante por izquierda y al ex grana como n\u00famero 3.<\/p>\n<p>Federico Mancuello qued\u00f3 entonces relegado al torneo local. Sin embargo, cuando hubo que reservar tambi\u00e9n a los suplentes, Mohamed prob\u00f3 con un jugador que militaba en la reserva desde hace m\u00e1s de un a\u00f1o. Hablamos de Ivan P\u00e9rez quien sorprendi\u00f3 al t\u00e9cnico puesto a que no solo se desempe\u00f1\u00f3 bien como volante central sino tambi\u00e9n como volante por el sector izquierdo.<\/p>\n<p>Mohamed, destac\u00f3 a P\u00e9rez como uno de los rendimientos m\u00e1s altos entre los juveniles e incluso lo mencion\u00f3 figura varias veces por el torneo local a pesar de que no se daban los resultados.\u00a0 Mancuello, pas\u00f3 entonces de ser titular a pelear un lugar en el banco.<\/p>\n<p>Vista esta situaci\u00f3n, el t\u00e9cnico de Hurac\u00e1n Miguel \u00c1ngel Brindisi, le cont\u00f3 el contexto al presidente Carlos Babington quien se puso como prioridad al jugador de Independiente a lo largo de esta semana. Si bien el club tiene el 100% de su pase, el jugador no quiere saber nada con irse y menos que menos a un club que tiene altas chances de pelear por el descenso directo.<\/p>\n<p>Mancuello es hincha del\u00a0 club y quiere pelear un puesto teniendo en cuenta que se vienen 4 torneos internacionales. No olvida el rendimiento superlativo que supo tener con Am\u00e9rico Rub\u00e9n Gallego y le est\u00e1 agradecido por las ense\u00f1anzas recibidas a pesar de los gritos reiterados. Hoy, Mohamed no tendr\u00eda inconveniente en que el jugador elija si desea quedarse o no (as\u00ed lo hizo Germ\u00e1n Pacheco). Sin embargo, los reiterados elogios para con P\u00e9rez, sumados a Maximiliano Vel\u00e1zquez y Lucas Mareque (quiere irse pero las ofertas no llegan), podr\u00edan dejar a Mancuello afuera de lso propios concentrados para los diferentes cotejos.<\/p>\n<p>La charla entre Mancuello y Mohamed todav\u00eda no se dio. El jugador no la solicit\u00f3 y quiere ganarse el lugar con trabajo. El problema es que aunque no se lo diga, en la cabeza del Turco, Iv\u00e1n P\u00e9rez es m\u00e1s que Mancuello. El juvenil puede valorizarse a futuro y demostr\u00f3 ser polifuncional, algo \u00fatil para el banco de suplentes. Para colmo, el t\u00e9cnico elogia tambi\u00e9n a Patricio Rodr\u00edguez que suele tirarse por la banda izquierda.<\/p>\n<p>Otro sondeo, aunque informal y por allegados al jugador se realiz\u00f3 desde Newells Old Boys.<\/p>\n","protected":false},"excerpt":{"rendered":"<p>Hagamos un poco de memoria. Lleg\u00f3 Mohamed y Mancuello que ven\u00eda de una lesi\u00f3n no pudo recuperar su puesto y tras el esc\u00e1ndalo medi\u00e1tico que hab\u00eda protagonizado Maximiliano Vel\u00e1zquez con Garnero y los dirigentes -se quejaba de que lo hab\u00edan tra\u00eddo para vender a Mareque y ser titular y no era concentrado- Mohamed optaba por [&hellip;]<\/p>\n","protected":false},"author":1,"featured_media":0,"comment_status":"open","ping_status":"open","sticky":false,"template":"","format":"standard","meta":{"_links_to":"","_links_to_target":""},"categories":[3,1],"tags":[153,48,310,485,183],"_links":{"self":[{"href":"https:\/\/www.locoxelrojo.com\/independiente\/wp-json\/wp\/v2\/posts\/3840"}],"collection":[{"href":"https:\/\/www.locoxelrojo.com\/independiente\/wp-json\/wp\/v2\/posts"}],"about":[{"href":"https:\/\/www.locoxelrojo.com\/independiente\/wp-json\/wp\/v2\/types\/post"}],"author":[{"embeddable":true,"href":"https:\/\/www.locoxelrojo.com\/independiente\/wp-json\/wp\/v2\/users\/1"}],"replies":[{"embeddable":true,"href":"https:\/\/www.locoxelrojo.com\/independiente\/wp-json\/wp\/v2\/comments?post=3840"}],"version-history":[{"count":0,"href":"https:\/\/www.locoxelrojo.com\/independiente\/wp-json\/wp\/v2\/posts\/3840\/revisions"}],"wp:attachment":[{"href":"https:\/\/www.locoxelrojo.com\/independiente\/wp-json\/wp\/v2\/media?parent=3840"}],"wp:term":[{"taxonomy":"category","embeddable":true,"href":"https:\/\/www.locoxelrojo.com\/independiente\/wp-json\/wp\/v2\/categories?post=3840"},{"taxonomy":"post_tag","embeddable":true,"href":"https:\/\/www.locoxelrojo.com\/independiente\/wp-json\/wp\/v2\/tags?post=3840"}],"curies":[{"name":"wp","href":"https:\/\/api.w.org\/{rel}","templated":true}]}}