{"id":38410,"date":"2013-11-23T20:35:59","date_gmt":"2013-11-23T23:35:59","guid":{"rendered":"http:\/\/www.locoxelrojo.com.ar\/independiente\/?p=38410"},"modified":"2013-11-23T20:47:34","modified_gmt":"2013-11-23T23:47:34","slug":"de-felippe-el-empate-esta-bien","status":"publish","type":"post","link":"https:\/\/www.locoxelrojo.com\/independiente\/2013\/11\/23\/de-felippe-el-empate-esta-bien\/","title":{"rendered":"De Felippe: &#8220;El empate est\u00e1 bien&#8221;"},"content":{"rendered":"<p><strong>Omar De Felippe reconoci\u00f3 que la igualdad entre Defensa y Justicia e Independiente fue el justo resultado del partido. \u201cPor lo que hicieron los dos equipos el empate est\u00e1 bien\u201d, admiti\u00f3. Igualmente, remarc\u00f3 puntos bajos en su equipo que debe trabajar durante la semana.<\/strong><\/p>\n<p><strong>\u201cJugamos ante un rival que est\u00e1 muy bien y en una cancha dif\u00edcil. Ellos estuvieron m\u00e1s r\u00e1pidos en el primer tiempo y nosotros en el segundo. Por lo que hicieron los dos equipos, el empate est\u00e1 bien\u201d<\/strong>, expres\u00f3 el t\u00e9cnico en conferencia de prensa luego al t\u00e9rmino del partido en Florencio Varela.<\/p>\n<p><strong>\u201cFue un partido muy disputado. Nos falt\u00f3 esa rebeld\u00eda para ir a buscarlo cuando quedamos con un jugador de m\u00e1s. La igualdad se valora, pero nos hubiera gustado ganar. Hubiera estado lindo golpear en los \u00faltimos minutos, nos falt\u00f3 eso\u201d<\/strong>, a\u00f1adi\u00f3 sobre el 0 a 0.<\/p>\n<p>Por otro lado, confes\u00f3 que vio detalles para trabajar en la semana. <strong>\u201cTuvimos altibajos, es algo que queremos arreglar. Veo que el equipo de local se desenvuelve de una manera y de visitante de otra, y son los mismos jugadores\u201d<\/strong>, analiz\u00f3.<\/p>\n<p>Para finalizar, se lo vio preocupado por Federico Mancuello y Gabriel Vall\u00e9s que tuvieron que salir golepados en la segunda mitad. <strong>\u201cEsperemos que sus lesiones no sean graves\u201d<\/strong>, concluy\u00f3.<\/p>\n","protected":false},"excerpt":{"rendered":"<p>Omar De Felippe reconoci\u00f3 que la igualdad entre Defensa y Justicia e Independiente fue el justo resultado del partido. \u201cPor lo que hicieron los dos equipos el empate est\u00e1 bien\u201d, admiti\u00f3. Igualmente, remarc\u00f3 puntos bajos en su equipo que debe trabajar durante la semana. \u201cJugamos ante un rival que est\u00e1 muy bien y en una [&hellip;]<\/p>\n","protected":false},"author":16,"featured_media":38413,"comment_status":"closed","ping_status":"closed","sticky":false,"template":"","format":"standard","meta":{"_links_to":"","_links_to_target":""},"categories":[3,1],"tags":[2330,153,896,2032],"_links":{"self":[{"href":"https:\/\/www.locoxelrojo.com\/independiente\/wp-json\/wp\/v2\/posts\/38410"}],"collection":[{"href":"https:\/\/www.locoxelrojo.com\/independiente\/wp-json\/wp\/v2\/posts"}],"about":[{"href":"https:\/\/www.locoxelrojo.com\/independiente\/wp-json\/wp\/v2\/types\/post"}],"author":[{"embeddable":true,"href":"https:\/\/www.locoxelrojo.com\/independiente\/wp-json\/wp\/v2\/users\/16"}],"replies":[{"embeddable":true,"href":"https:\/\/www.locoxelrojo.com\/independiente\/wp-json\/wp\/v2\/comments?post=38410"}],"version-history":[{"count":0,"href":"https:\/\/www.locoxelrojo.com\/independiente\/wp-json\/wp\/v2\/posts\/38410\/revisions"}],"wp:featuredmedia":[{"embeddable":true,"href":"https:\/\/www.locoxelrojo.com\/independiente\/wp-json\/wp\/v2\/media\/38413"}],"wp:attachment":[{"href":"https:\/\/www.locoxelrojo.com\/independiente\/wp-json\/wp\/v2\/media?parent=38410"}],"wp:term":[{"taxonomy":"category","embeddable":true,"href":"https:\/\/www.locoxelrojo.com\/independiente\/wp-json\/wp\/v2\/categories?post=38410"},{"taxonomy":"post_tag","embeddable":true,"href":"https:\/\/www.locoxelrojo.com\/independiente\/wp-json\/wp\/v2\/tags?post=38410"}],"curies":[{"name":"wp","href":"https:\/\/api.w.org\/{rel}","templated":true}]}}