{"id":38421,"date":"2013-11-23T20:56:31","date_gmt":"2013-11-23T23:56:31","guid":{"rendered":"http:\/\/www.locoxelrojo.com.ar\/independiente\/?p=38421"},"modified":"2013-11-23T21:12:38","modified_gmt":"2013-11-24T00:12:38","slug":"montenegro-en-el-segundo-tiempo-nos-acomodamos-mejor","status":"publish","type":"post","link":"https:\/\/www.locoxelrojo.com\/independiente\/2013\/11\/23\/montenegro-en-el-segundo-tiempo-nos-acomodamos-mejor\/","title":{"rendered":"Montenegro: \u201cEn el segundo tiempo nos acomodamos mejor\u201d"},"content":{"rendered":"<p><strong>Daniel Montenegro entendi\u00f3 que la mejor faceta de Independiente se vio en la segunda parte del empate 0 a 0 ante Defensa y Justicia. \u201cEn el segundo tiempo nos acomodamos mucho mejor\u201d, confes\u00f3. El \u201cRolfi\u201d se volvi\u00f3 a lucir en un partido de muy pocas figuras y estamp\u00f3 un tiro en el palo.<\/strong><\/p>\n<p><strong>\u201cEn el primer tiempo, por errores nuestros, ellos tuvieron dos o tres claras, pero nosotros tambi\u00e9n tuvimos el travesa\u00f1o de Marcelo (Vidal). Despu\u00e9s, en el segundo tiempo nos acomodamos mucho mejor, supimos achicar un poco m\u00e1s, que era lo que nos estaba complicando y tuvimos lo nuestro\u201d<\/strong>, analiz\u00f3. <strong>\u201cFue un partido parejo, donde los dos intentaron ganar\u201d<\/strong>, a\u00f1adi\u00f3.<\/p>\n<p>Por otra parte, opin\u00f3 que el \u201cRojo\u201d debe seguir de la forma que lo hizo en las \u00faltimas fechas <strong>\u201cque est\u00e1 dando sus frutos\u201d<\/strong>. <strong>\u201cTodo es un conjunto, as\u00ed que nosotros lo aprovechamos. Sabemos lo que tenemos que hacer, sabemos a lo que jugamos que eso tambi\u00e9n es importante. En cualquier cancha intentamos hacer siempre lo mismo y eso a la larga es bueno\u201d<\/strong>, destac\u00f3.<\/p>\n<p><strong>\u201cCreo que cuando las cosas mejoran, es en todo sentido, no solamente en lo individual, sino tambi\u00e9n en lo colectivo que es lo m\u00e1s importante y cuando los resultados acompa\u00f1an, mucho mejor. Esperemos seguir de esta manera. Todav\u00eda quedan pocos partidos y hay que tratar de terminar lo m\u00e1s arriba posible\u201d<\/strong>, concluy\u00f3.<\/p>\n","protected":false},"excerpt":{"rendered":"<p>Daniel Montenegro entendi\u00f3 que la mejor faceta de Independiente se vio en la segunda parte del empate 0 a 0 ante Defensa y Justicia. \u201cEn el segundo tiempo nos acomodamos mucho mejor\u201d, confes\u00f3. El \u201cRolfi\u201d se volvi\u00f3 a lucir en un partido de muy pocas figuras y estamp\u00f3 un tiro en el palo. \u201cEn el [&hellip;]<\/p>\n","protected":false},"author":16,"featured_media":38423,"comment_status":"closed","ping_status":"closed","sticky":false,"template":"","format":"standard","meta":{"_links_to":"","_links_to_target":""},"categories":[3,1],"tags":[2330,153,1859,896],"_links":{"self":[{"href":"https:\/\/www.locoxelrojo.com\/independiente\/wp-json\/wp\/v2\/posts\/38421"}],"collection":[{"href":"https:\/\/www.locoxelrojo.com\/independiente\/wp-json\/wp\/v2\/posts"}],"about":[{"href":"https:\/\/www.locoxelrojo.com\/independiente\/wp-json\/wp\/v2\/types\/post"}],"author":[{"embeddable":true,"href":"https:\/\/www.locoxelrojo.com\/independiente\/wp-json\/wp\/v2\/users\/16"}],"replies":[{"embeddable":true,"href":"https:\/\/www.locoxelrojo.com\/independiente\/wp-json\/wp\/v2\/comments?post=38421"}],"version-history":[{"count":0,"href":"https:\/\/www.locoxelrojo.com\/independiente\/wp-json\/wp\/v2\/posts\/38421\/revisions"}],"wp:featuredmedia":[{"embeddable":true,"href":"https:\/\/www.locoxelrojo.com\/independiente\/wp-json\/wp\/v2\/media\/38423"}],"wp:attachment":[{"href":"https:\/\/www.locoxelrojo.com\/independiente\/wp-json\/wp\/v2\/media?parent=38421"}],"wp:term":[{"taxonomy":"category","embeddable":true,"href":"https:\/\/www.locoxelrojo.com\/independiente\/wp-json\/wp\/v2\/categories?post=38421"},{"taxonomy":"post_tag","embeddable":true,"href":"https:\/\/www.locoxelrojo.com\/independiente\/wp-json\/wp\/v2\/tags?post=38421"}],"curies":[{"name":"wp","href":"https:\/\/api.w.org\/{rel}","templated":true}]}}