{"id":38485,"date":"2013-11-26T15:07:36","date_gmt":"2013-11-26T18:07:36","guid":{"rendered":"http:\/\/www.locoxelrojo.com.ar\/independiente\/?p=38485"},"modified":"2015-10-09T23:52:33","modified_gmt":"2015-10-10T02:52:33","slug":"vidal-me-gustaria-jugar-toda-mi-vida-en-independiente","status":"publish","type":"post","link":"https:\/\/www.locoxelrojo.com\/independiente\/2013\/11\/26\/vidal-me-gustaria-jugar-toda-mi-vida-en-independiente\/","title":{"rendered":"M. Vidal: \u201cMe gustar\u00eda jugar toda mi vida en Independiente\u201d"},"content":{"rendered":"<p>Marcelo Vidal habl\u00f3 en conferencia de prensa este martes por la ma\u00f1ana luego del entrenamiento en Villa Dom\u00ednico y <strong>manifest\u00f3 que el objetivo del grupo es ganar los pr\u00f3ximos dos partidos y hacer una buena pretemporada para arrancar de la mejor manera posible el a\u00f1o.<\/strong><\/p>\n<p><strong>\u201cEl empate frente a Defensa y Justicia va a ser bueno si ganamos de local, vamos a estar en casa y el objetivo va a ser ir a buscar el partido porque lo tenemos que ganar\u201d<\/strong>, expres\u00f3 el \u201cToro\u201d haciendo referencia al encuentro del pr\u00f3ximo lunes, cuando Independiente juegue por \u00faltima vez en el 2013 en el Libertadores de Am\u00e9rica frente a Instituto.<\/p>\n<p>Por otra parte, habl\u00f3 sobre su rendimiento personal y asegur\u00f3 que la actuaci\u00f3n que tuvo en Florencio Varela fue una de las mejores hasta el momento: <strong>\u201cMe sent\u00ed muy c\u00f3modo, mis compa\u00f1eros me lo hacen sentir y espero poder seguir as\u00ed. Yo soy el que juega m\u00e1s retrasado, Mart\u00edn (Zapata) es quien acompa\u00f1a a los volantes\u201d<\/strong>.<\/p>\n<p>Vidal, se mostr\u00f3 poco conforme con la posici\u00f3n que ocupa el \u201cRojo\u201d a dos fechas de terminar la primera parte del campeonato. <strong>\u201cIndependiente debe estar primero o segundo, vamos a hacer todo lo posible para terminar lo m\u00e1s arriba posible y arrancar muy bien el a\u00f1o que viene\u201d<\/strong>, remarc\u00f3.<\/p>\n<p>Para finalizar, se trat\u00f3 la situaci\u00f3n contractual del volante y \u00e9l manifest\u00f3 sus ganas de seguir en el club una vez que finalice su contrato, en junio del a\u00f1o pr\u00f3ximo. <strong>\u201cSoy del club y me gustar\u00eda jugar toda mi vida en Independiente, pero ahora estoy pensando en jugar y eso es lo que importa\u201d<\/strong>, concluy\u00f3.<\/p>\n","protected":false},"excerpt":{"rendered":"<p>Marcelo Vidal habl\u00f3 en conferencia de prensa este martes por la ma\u00f1ana luego del entrenamiento en Villa Dom\u00ednico y manifest\u00f3 que el objetivo del grupo es ganar los pr\u00f3ximos dos partidos y hacer una buena pretemporada para arrancar de la mejor manera posible el a\u00f1o. \u201cEl empate frente a Defensa y Justicia va a ser [&hellip;]<\/p>\n","protected":false},"author":20,"featured_media":38486,"comment_status":"closed","ping_status":"closed","sticky":false,"template":"","format":"standard","meta":{"_links_to":"","_links_to_target":""},"categories":[3,1],"tags":[453],"_links":{"self":[{"href":"https:\/\/www.locoxelrojo.com\/independiente\/wp-json\/wp\/v2\/posts\/38485"}],"collection":[{"href":"https:\/\/www.locoxelrojo.com\/independiente\/wp-json\/wp\/v2\/posts"}],"about":[{"href":"https:\/\/www.locoxelrojo.com\/independiente\/wp-json\/wp\/v2\/types\/post"}],"author":[{"embeddable":true,"href":"https:\/\/www.locoxelrojo.com\/independiente\/wp-json\/wp\/v2\/users\/20"}],"replies":[{"embeddable":true,"href":"https:\/\/www.locoxelrojo.com\/independiente\/wp-json\/wp\/v2\/comments?post=38485"}],"version-history":[{"count":0,"href":"https:\/\/www.locoxelrojo.com\/independiente\/wp-json\/wp\/v2\/posts\/38485\/revisions"}],"wp:featuredmedia":[{"embeddable":true,"href":"https:\/\/www.locoxelrojo.com\/independiente\/wp-json\/wp\/v2\/media\/38486"}],"wp:attachment":[{"href":"https:\/\/www.locoxelrojo.com\/independiente\/wp-json\/wp\/v2\/media?parent=38485"}],"wp:term":[{"taxonomy":"category","embeddable":true,"href":"https:\/\/www.locoxelrojo.com\/independiente\/wp-json\/wp\/v2\/categories?post=38485"},{"taxonomy":"post_tag","embeddable":true,"href":"https:\/\/www.locoxelrojo.com\/independiente\/wp-json\/wp\/v2\/tags?post=38485"}],"curies":[{"name":"wp","href":"https:\/\/api.w.org\/{rel}","templated":true}]}}