{"id":38490,"date":"2013-11-26T21:27:30","date_gmt":"2013-11-27T00:27:30","guid":{"rendered":"http:\/\/www.locoxelrojo.com.ar\/independiente\/?p=38490"},"modified":"2015-10-09T23:52:42","modified_gmt":"2015-10-10T02:52:42","slug":"gomis-milito-me-dijo-que-queria-que-maneje-las-inferiores","status":"publish","type":"post","link":"https:\/\/www.locoxelrojo.com\/independiente\/2013\/11\/26\/gomis-milito-me-dijo-que-queria-que-maneje-las-inferiores\/","title":{"rendered":"Gomis: &#8220;Milito me dijo que quer\u00eda que maneje las Inferiores&#8221;"},"content":{"rendered":"<p>D\u00edas atr\u00e1s, el propio Javier Cantero anunci\u00f3 el alejamiento de Manuel Mag\u00e1n en el cargo de Coordinador de las Divisiones Inferiores y<strong> Gabriel Milito propuso su candidato. Se trata de Miguel \u00c1ngel Gomis, quien actualmente maneja las Inferiores de Cruz del Sur de Bariloche.<\/strong><\/p>\n<p><strong>\u201cGaby (Milito) se comunic\u00f3 conmigo. Yo habl\u00e9 en Cruz del Sur y los directivos se sintieron complacidos por el llamado. El viernes me voy a reunir con los dirigentes de Independiente\u201d<\/strong>, cont\u00f3 en Infierno Rojo Radio. Actualmente est\u00e1 en el equipo que milita el Torneo Argentino C, pero tambi\u00e9n trabaj\u00f3 en Racing, Argentino de Quilmes, Deportivo Espa\u00f1ol, Hurac\u00e1n y Estudiantes.<\/p>\n<p><strong>&#8220;Ac\u00e1 en el club me dijeron que le d\u00e9 para adelante. Se pusieron contentos porque va a sonar el nombre de Cruz del Sur en Buenos Aires. Para m\u00ed ser\u00eda un honor poder trabajar en un club con tanta historia&#8221;<\/strong>, agreg\u00f3. Su relaci\u00f3n con Milito, viene de a\u00f1os atr\u00e1s: <strong>&#8220;A Gaby lo fich\u00e9 en Racing cuando ten\u00eda 10 a\u00f1os en las Infantiles. Lo tuve tres a\u00f1os. Como se les hac\u00eda imposible ir al colegio, porque Racing entrenaba en Ezeiza, pidi\u00f3 el pase y se fue a Independiente\u201d<\/strong>.<\/p>\n<p>Tambi\u00e9n confes\u00f3 que no es la primera vez que Milito le habla sobre esta posibilidad:<strong> &#8220;Hace varios a\u00f1os, cuando el vino de vacaciones, me dijo que cuando agarrase el club quer\u00eda que yo maneje las Inferiores\u201d<\/strong>. Su idea de trabajo, va de la mano con la del &#8220;Mariscal&#8221;: <strong>&#8220;Yo tengo un proyecto muy importante para desarrollar, pero tiene que estar acompa\u00f1ado del que hace Milito. Hace poco estuve en Independiente para invitar al Selectivo a jugar en Bariloche. Habl\u00e9 mucho de f\u00fatbol y ah\u00ed coincidimos en todo en cuanto a la metodolog\u00eda de trabajo. En edades tempranas hay que trabajar mucho la t\u00e9cnica para despu\u00e9s agregarle la velocidad con la que se juega hoy en d\u00eda&#8221;<\/strong>.<\/p>\n<p>Para finalizar, explic\u00f3 que si bien tiene un grupo de trabajo, no descarta contar con gente que est\u00e1 actualmente en el club. <strong>&#8220;Tengo gente para trabajar que estuvieron conmigo en Hurac\u00e1n, Estudiantes y Racing. Pero tambi\u00e9n s\u00e9 que hay gente potable en el club\u201d<\/strong>, cerr\u00f3.<\/p>\n","protected":false},"excerpt":{"rendered":"<p>D\u00edas atr\u00e1s, el propio Javier Cantero anunci\u00f3 el alejamiento de Manuel Mag\u00e1n en el cargo de Coordinador de las Divisiones Inferiores y Gabriel Milito propuso su candidato. Se trata de Miguel \u00c1ngel Gomis, quien actualmente maneja las Inferiores de Cruz del Sur de Bariloche. \u201cGaby (Milito) se comunic\u00f3 conmigo. Yo habl\u00e9 en Cruz del Sur [&hellip;]<\/p>\n","protected":false},"author":1,"featured_media":38491,"comment_status":"closed","ping_status":"closed","sticky":false,"template":"","format":"standard","meta":{"_links_to":"","_links_to_target":""},"categories":[5,4,1],"tags":[42,2479],"_links":{"self":[{"href":"https:\/\/www.locoxelrojo.com\/independiente\/wp-json\/wp\/v2\/posts\/38490"}],"collection":[{"href":"https:\/\/www.locoxelrojo.com\/independiente\/wp-json\/wp\/v2\/posts"}],"about":[{"href":"https:\/\/www.locoxelrojo.com\/independiente\/wp-json\/wp\/v2\/types\/post"}],"author":[{"embeddable":true,"href":"https:\/\/www.locoxelrojo.com\/independiente\/wp-json\/wp\/v2\/users\/1"}],"replies":[{"embeddable":true,"href":"https:\/\/www.locoxelrojo.com\/independiente\/wp-json\/wp\/v2\/comments?post=38490"}],"version-history":[{"count":0,"href":"https:\/\/www.locoxelrojo.com\/independiente\/wp-json\/wp\/v2\/posts\/38490\/revisions"}],"wp:featuredmedia":[{"embeddable":true,"href":"https:\/\/www.locoxelrojo.com\/independiente\/wp-json\/wp\/v2\/media\/38491"}],"wp:attachment":[{"href":"https:\/\/www.locoxelrojo.com\/independiente\/wp-json\/wp\/v2\/media?parent=38490"}],"wp:term":[{"taxonomy":"category","embeddable":true,"href":"https:\/\/www.locoxelrojo.com\/independiente\/wp-json\/wp\/v2\/categories?post=38490"},{"taxonomy":"post_tag","embeddable":true,"href":"https:\/\/www.locoxelrojo.com\/independiente\/wp-json\/wp\/v2\/tags?post=38490"}],"curies":[{"name":"wp","href":"https:\/\/api.w.org\/{rel}","templated":true}]}}