{"id":3855,"date":"2011-01-07T22:18:05","date_gmt":"2011-01-08T00:18:05","guid":{"rendered":"http:\/\/www.locoxelrojo.com.ar\/independiente\/?p=3855"},"modified":"2015-09-09T16:05:41","modified_gmt":"2015-09-09T19:05:41","slug":"el-turco-piensa-en-un-equipo-alternativo-frente-a-san-lorenzo","status":"publish","type":"post","link":"https:\/\/www.locoxelrojo.com\/independiente\/2011\/01\/07\/el-turco-piensa-en-un-equipo-alternativo-frente-a-san-lorenzo\/","title":{"rendered":"Mohamed piensa en un equipo alternativo frente a San Lorenzo"},"content":{"rendered":"<p><a href=\"http:\/\/www.locoxelrojo.com.ar\/independiente\/wp-content\/uploads\/2011\/01\/mohamed_mardel.jpg\"><img loading=\"lazy\" class=\"alignnone size-full wp-image-3856\" title=\"mohamed_mardel\" src=\"http:\/\/www.locoxelrojo.com.ar\/independiente\/wp-content\/uploads\/2011\/01\/mohamed_mardel.jpg\" alt=\"\" width=\"550\" height=\"315\" srcset=\"https:\/\/locoxelrojo.com\/independiente\/wp-content\/uploads\/2011\/01\/mohamed_mardel.jpg 550w, https:\/\/locoxelrojo.com\/independiente\/wp-content\/uploads\/2011\/01\/mohamed_mardel-300x171.jpg 300w\" sizes=\"(max-width: 550px) 100vw, 550px\" \/><\/a><\/p>\n<p>El martes 11 de enero en el Estadio Jos\u00e9 Mar\u00eda Minella de la Ciudad de Mar del Plata, Independiente debuta en el Torneo de Verano 2011 frente a San Lorenzo.<\/p>\n<p>Para este encuentro Antonio Mohamed presentar\u00e1 un equipo alternativo, similar al que jug\u00f3 en la gran mayor\u00eda de los encuentros que el Rojo jug\u00f3 en el Apertura. La idea del DT es guardar los posibles titulares para el partido con Boca que se va a disputar el d\u00eda 15, tambi\u00e9n en Mar del Plata y usar dicho encuentro como preparaci\u00f3n para el Repechaje de la Copa Libertadores.<\/p>\n<p>Debido a est\u00e1s molestias f\u00edsicas que esta presentando Adri\u00e1n Gabbarini el Turco le dar\u00eda la chance de jugar por primera vez en su era a Fabi\u00e1n Assm\u00e1nn. La defensa seguir\u00eda con l\u00ednea de tres y estar\u00eda conformada por Javier B\u00e1ez, Samuel C\u00e1ceres e Ignacio Barcia. En el mediocampo, por el carril derecho va a debutar con la casaca del Rojo el nuevo refuerzo Iv\u00e1n V\u00e9lez. La dupla de volantes centrales van a ser Fernando Godoy e Iv\u00e1n P\u00e9rez y por el carril izquierdo jugar\u00e1 Federico Mancuello. Siempre y cuando trabaje con normalidad ya que presenta una sobrecarga muscular. En caso de no estar bien f\u00edsicamente, en su lugar estar\u00e1 Pellerano y se correr\u00e1 a la izquierda el juvenil P\u00e9rez. Del medio hacia delante es una inc\u00f3gnita ya que son varios jugadores para un mismo puesto. Pero si nos basamos en los que tuvieron m\u00e1s continuidad en el torneo el Tano Graci\u00e1n es una fija como enlace y arriba estar\u00e1n G\u00f3mez\u00a0 junto a Brian Nieva.<\/p>\n<p><strong>Si bien no est\u00e1 confirmado este ser\u00eda el equipo tentativo para enfrentar al Cuervo: Assm\u00e1nn; B\u00e1ez, C\u00e1ceres, Barcia; I. V\u00e9lez, Godoy, I. P\u00e9rez, Mancuello; Graci\u00e1n; G\u00f3mez y Nieva.<\/strong><\/p>\n<p>El precio de las generales es de 40 pesos y las plateas llegaran hasta los 150. Y el \u00e1rbitro del encuentro ser\u00e1 N\u00e9stor Pittana.<\/p>\n","protected":false},"excerpt":{"rendered":"<p>El martes 11 de enero en el Estadio Jos\u00e9 Mar\u00eda Minella de la Ciudad de Mar del Plata, Independiente debuta en el Torneo de Verano 2011 frente a San Lorenzo. Para este encuentro Antonio Mohamed presentar\u00e1 un equipo alternativo, similar al que jug\u00f3 en la gran mayor\u00eda de los encuentros que el Rojo jug\u00f3 en [&hellip;]<\/p>\n","protected":false},"author":1,"featured_media":0,"comment_status":"open","ping_status":"open","sticky":false,"template":"","format":"standard","meta":{"_links_to":"","_links_to_target":""},"categories":[3,1],"tags":[115,124,487,78,412,192],"_links":{"self":[{"href":"https:\/\/www.locoxelrojo.com\/independiente\/wp-json\/wp\/v2\/posts\/3855"}],"collection":[{"href":"https:\/\/www.locoxelrojo.com\/independiente\/wp-json\/wp\/v2\/posts"}],"about":[{"href":"https:\/\/www.locoxelrojo.com\/independiente\/wp-json\/wp\/v2\/types\/post"}],"author":[{"embeddable":true,"href":"https:\/\/www.locoxelrojo.com\/independiente\/wp-json\/wp\/v2\/users\/1"}],"replies":[{"embeddable":true,"href":"https:\/\/www.locoxelrojo.com\/independiente\/wp-json\/wp\/v2\/comments?post=3855"}],"version-history":[{"count":0,"href":"https:\/\/www.locoxelrojo.com\/independiente\/wp-json\/wp\/v2\/posts\/3855\/revisions"}],"wp:attachment":[{"href":"https:\/\/www.locoxelrojo.com\/independiente\/wp-json\/wp\/v2\/media?parent=3855"}],"wp:term":[{"taxonomy":"category","embeddable":true,"href":"https:\/\/www.locoxelrojo.com\/independiente\/wp-json\/wp\/v2\/categories?post=3855"},{"taxonomy":"post_tag","embeddable":true,"href":"https:\/\/www.locoxelrojo.com\/independiente\/wp-json\/wp\/v2\/tags?post=3855"}],"curies":[{"name":"wp","href":"https:\/\/api.w.org\/{rel}","templated":true}]}}