{"id":38613,"date":"2013-12-02T22:20:33","date_gmt":"2013-12-03T01:20:33","guid":{"rendered":"http:\/\/www.locoxelrojo.com.ar\/independiente\/?p=38613"},"modified":"2015-10-09T23:57:02","modified_gmt":"2015-10-10T02:57:02","slug":"ficha-del-partido-vs-instituto","status":"publish","type":"post","link":"https:\/\/www.locoxelrojo.com\/independiente\/2013\/12\/02\/ficha-del-partido-vs-instituto\/","title":{"rendered":"Ficha del partido vs. Instituto"},"content":{"rendered":"<p><strong>Independiente (2):<\/strong> Diego Rodr\u00edguez; Gabriel Vall\u00e9s, Cristian Tula, Juli\u00e1n Vel\u00e1zquez, Claudio Morel Rodr\u00edguez; Mat\u00edas Pisano, Mart\u00edn Zapata, Marcelo Vidal, Federico Mancuello; Daniel Montenegro y Facundo Parra.\u00a0DT: Omar De Felippe.<\/p>\n<p><strong>Instituto (0):<\/strong> Julio Chiarini; Ra\u00fal Damiani, Abel Masuero, Pablo Frontini, Pablo De Miranda; Fernando De La Fuente, Federico Vismara, Lucas Favalli, Jonathan Lastra; Javier Vel\u00e1zquez y Sebasti\u00e1n Ereros.\u00a0DT: Elvio Ag\u00fcero.<\/p>\n<p><strong>Goles:<\/strong> 6&#8242; ST Mart\u00edn Zapata (I) y 21&#8242; ST Facundo Parra (I).<\/p>\n<p><strong>Cambios:<\/strong>\u00a016&#8242; ST Leonel Miranda por Pisano (I), 17&#8242; ST Emiliano Endrizzi por Favalli (IC), 23&#8242; ST Juan Mart\u00edn por Ereros (IC), 25&#8242; ST Pablo Soda por Lastra (IC), 38&#8242; ST Sebasti\u00e1n Penco por Parra (I) y 40&#8242; ST Reinaldo Alderete por Montenegro (I).<\/p>\n<p><strong>Amonestados:<\/strong> 27&#8242; PT Morel Rodr\u00edguez (I), 12&#8242; ST De La Fuente (IC), 32&#8242; ST Mancuello (I) y 46&#8242; ST Frontini (IC).<\/p>\n<p><strong>Expulsados:<\/strong> No hubo.<\/p>\n<p><strong>\u00c1rbitro:<\/strong> Ariel Su\u00e1rez.<\/p>\n<p><strong>Estadio:<\/strong> Libertadores de Am\u00e9rica.<\/p>\n","protected":false},"excerpt":{"rendered":"<p>Independiente (2): Diego Rodr\u00edguez; Gabriel Vall\u00e9s, Cristian Tula, Juli\u00e1n Vel\u00e1zquez, Claudio Morel Rodr\u00edguez; Mat\u00edas Pisano, Mart\u00edn Zapata, Marcelo Vidal, Federico Mancuello; Daniel Montenegro y Facundo Parra.\u00a0DT: Omar De Felippe. Instituto (0): Julio Chiarini; Ra\u00fal Damiani, Abel Masuero, Pablo Frontini, Pablo De Miranda; Fernando De La Fuente, Federico Vismara, Lucas Favalli, Jonathan Lastra; Javier Vel\u00e1zquez y [&hellip;]<\/p>\n","protected":false},"author":11,"featured_media":38632,"comment_status":"closed","ping_status":"closed","sticky":false,"template":"","format":"standard","meta":{"_links_to":"","_links_to_target":""},"categories":[1988,3,1],"tags":[2417,2330,153,295,2643],"_links":{"self":[{"href":"https:\/\/www.locoxelrojo.com\/independiente\/wp-json\/wp\/v2\/posts\/38613"}],"collection":[{"href":"https:\/\/www.locoxelrojo.com\/independiente\/wp-json\/wp\/v2\/posts"}],"about":[{"href":"https:\/\/www.locoxelrojo.com\/independiente\/wp-json\/wp\/v2\/types\/post"}],"author":[{"embeddable":true,"href":"https:\/\/www.locoxelrojo.com\/independiente\/wp-json\/wp\/v2\/users\/11"}],"replies":[{"embeddable":true,"href":"https:\/\/www.locoxelrojo.com\/independiente\/wp-json\/wp\/v2\/comments?post=38613"}],"version-history":[{"count":0,"href":"https:\/\/www.locoxelrojo.com\/independiente\/wp-json\/wp\/v2\/posts\/38613\/revisions"}],"wp:featuredmedia":[{"embeddable":true,"href":"https:\/\/www.locoxelrojo.com\/independiente\/wp-json\/wp\/v2\/media\/38632"}],"wp:attachment":[{"href":"https:\/\/www.locoxelrojo.com\/independiente\/wp-json\/wp\/v2\/media?parent=38613"}],"wp:term":[{"taxonomy":"category","embeddable":true,"href":"https:\/\/www.locoxelrojo.com\/independiente\/wp-json\/wp\/v2\/categories?post=38613"},{"taxonomy":"post_tag","embeddable":true,"href":"https:\/\/www.locoxelrojo.com\/independiente\/wp-json\/wp\/v2\/tags?post=38613"}],"curies":[{"name":"wp","href":"https:\/\/api.w.org\/{rel}","templated":true}]}}