{"id":3867,"date":"2011-01-08T00:00:55","date_gmt":"2011-01-08T02:00:55","guid":{"rendered":"http:\/\/www.locoxelrojo.com.ar\/independiente\/?p=3867"},"modified":"2015-09-09T16:05:59","modified_gmt":"2015-09-09T19:05:59","slug":"arrancan-los-trabajos-en-reserva","status":"publish","type":"post","link":"https:\/\/www.locoxelrojo.com\/independiente\/2011\/01\/08\/arrancan-los-trabajos-en-reserva\/","title":{"rendered":"Arrancan los trabajos en Reserva"},"content":{"rendered":"<p><a href=\"http:\/\/www.locoxelrojo.com.ar\/independiente\/wp-content\/uploads\/2011\/01\/cristiand\u00edaz.jpg\"><img loading=\"lazy\" class=\"alignnone size-full wp-image-3869\" title=\"cristiand\u00edaz\" src=\"http:\/\/www.locoxelrojo.com.ar\/independiente\/wp-content\/uploads\/2011\/01\/cristiand\u00edaz.jpg\" alt=\"\" width=\"550\" height=\"315\" srcset=\"https:\/\/locoxelrojo.com\/independiente\/wp-content\/uploads\/2011\/01\/cristiand\u00edaz.jpg 550w, https:\/\/locoxelrojo.com\/independiente\/wp-content\/uploads\/2011\/01\/cristiand\u00edaz-300x171.jpg 300w\" sizes=\"(max-width: 550px) 100vw, 550px\" \/><\/a><\/p>\n<p>Comparada se cansa de mencionar un proyecto de inferiores a largo plazo. Sin embargo, una vez m\u00e1s queda demostrado que esto no es as\u00ed. Los jugadores del plantel profesional est\u00e1n ubicados en un hotel en pleno centro cuyo costo asciende los 100 d\u00f3lares por noche. Nada menos que 3400 d\u00f3lares por d\u00eda solo del plantel profesional sin contar cuerpo t\u00e9cnico ni dirigentes.<\/p>\n<p>Por otro lado, al plantel le toc\u00f3 el fuerte de ambas quincenas. Es decir, los 16 d\u00edas dan un total que asciende los 55 mil d\u00f3lares. Mientras todo es color de rosas, la reserva deber\u00e1 realizarla en Villa Dom\u00ednico, el mismo lugar en donde falt\u00f3 el agua caliente para ba\u00f1arse cuando llovi\u00f3 e hizo fr\u00edo.<\/p>\n<p>Los trabajos comenzar\u00e1n el lunes y durar\u00e1n 12 d\u00edas. Ser\u00e1n en doble turno y, por voluntad propia, estar\u00e1n presentes Sergio Vittor, Roberto Vissio, Marcelo Vidal y Diego Chur\u00edn. Otra sorpresa que dio Cristian D\u00edaz es la inclusi\u00f3n en la lista de Alexis Z\u00e1rate y Gonzalo Contreras -defensores-, Jos\u00e9 Orozco -volante- y Mart\u00edn Ben\u00edtez -delantero-. Todos estos, son jugadores categor\u00eda 94 y pertenecen a la 7ma divisi\u00f3n que perdi\u00f3 la semifinal del torneo AFA en manos de V\u00e9lez por 3-1. Los mismos forman parte de las convocatorias para el seleccionado sub 17. No fue tenido en cuenta Ra\u00fal Milla\u00f1anco -otro que era convocado para el seleccionado- por el episodio en el cual le provoc\u00f3 triple quebradura de tabique y riesgo de lesi\u00f3n en los malares a Gonzalo Piovi, jugador del fort\u00edn en aquel partido.<\/p>\n<p>Habr\u00e1 2 encuentros amistosos: el primero con Los Andes el s\u00e1bado 22 de enero y el segundo con Talleres de Escalada el 29 de enero. A continuaci\u00f3n la lista de convocados:<\/p>\n<p><strong>Arqueros:<\/strong> Jos\u00e9 Cornal\u00f3, Facundo Daffonchio y Esteban Fydrszenski.<\/p>\n<p><strong>Defensores:<\/strong> Brian Luna, Gonzalo Contreras, Alexis Z\u00e1rate, Sergio Ojeda, Federico Gay, Juan S\u00e1nchez, Juan Mart\u00ednez Trejo y Marco Royo.<\/p>\n<p><strong>Volantes: <\/strong>Rodrigo Stipech, Jonathan Su\u00e1rez, Alejandro Mu\u00f1oz, Fabi\u00e1n Monserrat, Roberto Vissio, Marcelo Vidal, Mat\u00edas Jaime, Andr\u00e9s Ariaudo y Jos\u00e9 Orozco.<\/p>\n<p><strong>Delanteros:<\/strong> Sa\u00fal Toloza, Francisc\u00bao Pizzini, Diego Churin, Jonathan Escalante, Leonel Buter, Cristian Ledesma y<br \/>\nMart\u00edn Ben\u00edtez<\/p>\n","protected":false},"excerpt":{"rendered":"<p>Comparada se cansa de mencionar un proyecto de inferiores a largo plazo. Sin embargo, una vez m\u00e1s queda demostrado que esto no es as\u00ed. Los jugadores del plantel profesional est\u00e1n ubicados en un hotel en pleno centro cuyo costo asciende los 100 d\u00f3lares por noche. Nada menos que 3400 d\u00f3lares por d\u00eda solo del plantel [&hellip;]<\/p>\n","protected":false},"author":1,"featured_media":0,"comment_status":"open","ping_status":"open","sticky":false,"template":"","format":"standard","meta":{"_links_to":"","_links_to_target":""},"categories":[5,1,141],"tags":[92,188,455,491,471,3270,458,172],"_links":{"self":[{"href":"https:\/\/www.locoxelrojo.com\/independiente\/wp-json\/wp\/v2\/posts\/3867"}],"collection":[{"href":"https:\/\/www.locoxelrojo.com\/independiente\/wp-json\/wp\/v2\/posts"}],"about":[{"href":"https:\/\/www.locoxelrojo.com\/independiente\/wp-json\/wp\/v2\/types\/post"}],"author":[{"embeddable":true,"href":"https:\/\/www.locoxelrojo.com\/independiente\/wp-json\/wp\/v2\/users\/1"}],"replies":[{"embeddable":true,"href":"https:\/\/www.locoxelrojo.com\/independiente\/wp-json\/wp\/v2\/comments?post=3867"}],"version-history":[{"count":0,"href":"https:\/\/www.locoxelrojo.com\/independiente\/wp-json\/wp\/v2\/posts\/3867\/revisions"}],"wp:attachment":[{"href":"https:\/\/www.locoxelrojo.com\/independiente\/wp-json\/wp\/v2\/media?parent=3867"}],"wp:term":[{"taxonomy":"category","embeddable":true,"href":"https:\/\/www.locoxelrojo.com\/independiente\/wp-json\/wp\/v2\/categories?post=3867"},{"taxonomy":"post_tag","embeddable":true,"href":"https:\/\/www.locoxelrojo.com\/independiente\/wp-json\/wp\/v2\/tags?post=3867"}],"curies":[{"name":"wp","href":"https:\/\/api.w.org\/{rel}","templated":true}]}}