{"id":38751,"date":"2013-12-06T16:31:22","date_gmt":"2013-12-06T19:31:22","guid":{"rendered":"http:\/\/www.locoxelrojo.com.ar\/independiente\/?p=38751"},"modified":"2013-12-06T16:31:22","modified_gmt":"2013-12-06T19:31:22","slug":"comienzan-las-reuniones-por-renovacion-de-contratos","status":"publish","type":"post","link":"https:\/\/www.locoxelrojo.com\/independiente\/2013\/12\/06\/comienzan-las-reuniones-por-renovacion-de-contratos\/","title":{"rendered":"Comienzan las reuniones por renovaci\u00f3n de contratos"},"content":{"rendered":"<p>A pocos d\u00edas del cierre del a\u00f1o, los dirigentes de Independiente comenzaron a moverse lentamente en la renovaci\u00f3n de varios contratos de jugadores que se vencen en junio del 2014. Hubo reuniones con Juli\u00e1n Vel\u00e1zquez, Fabi\u00e1n Assmann, Marcelo Vidal y Samuel C\u00e1ceres donde hasta el momento no hubo acuerdo con ninguno.<\/p>\n<p><strong>En el caso de Juli\u00e1n Vel\u00e1zquez, hace varios d\u00edas que recibi\u00f3 una oferta de la Comisi\u00f3n Directiva bastante tentadora. El defensor pasar\u00eda a ser uno de los tres jugadores mejores pagos del plantel. La traba en la negociaci\u00f3n son las ofertas que el jugador tiene para irse al exterior en condici\u00f3n de libre.<\/strong> Si bien hay buena predisposici\u00f3n, la &#8220;Avispa&#8221; qued\u00f3 en responder.<\/p>\n<p><strong>Con Fabi\u00e1n Assmann hay una deuda importante acumulada que incluye tanto de la gesti\u00f3n de Julio Comparada, como la actual de Javier Cantero.<\/strong> Antes de sentarse a negociar su contrato,<strong> hubo un compromiso por parte de los dirigentes a saldar el total de la deuda en cuotas durante los primeros tres meses del 2014. <\/strong><\/p>\n<p><strong>A Samuel C\u00e1ceres, en el d\u00eda de ayer se le ofreci\u00f3 renovar en las mismas condiciones del contrato actual.<\/strong> Si bien el jugador est\u00e1 contento con las posibilidades que le est\u00e1 dando Omar De Felippe, <strong>quiere una mejora en el contrato y quedaron en seguir conversando.<\/strong><\/p>\n<p><strong>El m\u00e1s complicado es Marcelo Vidal.<\/strong> Actualmente es el cinco titular del equipo y el los \u00faltimos partidos tuvo rendimientos altos. <strong>Est\u00e1 jugando con su primer contrato (sueldo m\u00ednimo) y en las primeras charlas no hubo acuerdo. La diferencia entre lo que pide el jugador y lo que pretenden pagar los dirigentes es abismal.<\/strong> Adem\u00e1s, en el club esperan firmar un acuerdo por tres a\u00f1os y el entorno del jugador quiere que el v\u00ednculo solamente dure dos.<\/p>\n<p>Anoche, en De La Cuna Al Infierno, el tesorero Luis Felice afirm\u00f3 que <strong>&#8220;hay un presupuesto para el plantel profesional y no nos vamos a mover de esa cifra&#8221;<\/strong>. Seguramente las novelas tendr\u00e1n varios cap\u00edtulos&#8230;<\/p>\n","protected":false},"excerpt":{"rendered":"<p>A pocos d\u00edas del cierre del a\u00f1o, los dirigentes de Independiente comenzaron a moverse lentamente en la renovaci\u00f3n de varios contratos de jugadores que se vencen en junio del 2014. Hubo reuniones con Juli\u00e1n Vel\u00e1zquez, Fabi\u00e1n Assmann, Marcelo Vidal y Samuel C\u00e1ceres donde hasta el momento no hubo acuerdo con ninguno. En el caso de [&hellip;]<\/p>\n","protected":false},"author":1,"featured_media":38752,"comment_status":"closed","ping_status":"closed","sticky":false,"template":"","format":"standard","meta":{"_links_to":"","_links_to_target":""},"categories":[3,1],"tags":[78,32,453,192],"_links":{"self":[{"href":"https:\/\/www.locoxelrojo.com\/independiente\/wp-json\/wp\/v2\/posts\/38751"}],"collection":[{"href":"https:\/\/www.locoxelrojo.com\/independiente\/wp-json\/wp\/v2\/posts"}],"about":[{"href":"https:\/\/www.locoxelrojo.com\/independiente\/wp-json\/wp\/v2\/types\/post"}],"author":[{"embeddable":true,"href":"https:\/\/www.locoxelrojo.com\/independiente\/wp-json\/wp\/v2\/users\/1"}],"replies":[{"embeddable":true,"href":"https:\/\/www.locoxelrojo.com\/independiente\/wp-json\/wp\/v2\/comments?post=38751"}],"version-history":[{"count":0,"href":"https:\/\/www.locoxelrojo.com\/independiente\/wp-json\/wp\/v2\/posts\/38751\/revisions"}],"wp:featuredmedia":[{"embeddable":true,"href":"https:\/\/www.locoxelrojo.com\/independiente\/wp-json\/wp\/v2\/media\/38752"}],"wp:attachment":[{"href":"https:\/\/www.locoxelrojo.com\/independiente\/wp-json\/wp\/v2\/media?parent=38751"}],"wp:term":[{"taxonomy":"category","embeddable":true,"href":"https:\/\/www.locoxelrojo.com\/independiente\/wp-json\/wp\/v2\/categories?post=38751"},{"taxonomy":"post_tag","embeddable":true,"href":"https:\/\/www.locoxelrojo.com\/independiente\/wp-json\/wp\/v2\/tags?post=38751"}],"curies":[{"name":"wp","href":"https:\/\/api.w.org\/{rel}","templated":true}]}}