{"id":3878,"date":"2011-01-08T18:40:20","date_gmt":"2011-01-08T20:40:20","guid":{"rendered":"http:\/\/www.locoxelrojo.com.ar\/independiente\/?p=3878"},"modified":"2015-09-09T16:06:21","modified_gmt":"2015-09-09T19:06:21","slug":"ya-pensamos-en-deportivo-quito","status":"publish","type":"post","link":"https:\/\/www.locoxelrojo.com\/independiente\/2011\/01\/08\/ya-pensamos-en-deportivo-quito\/","title":{"rendered":"Navarro: &#8220;Ya pensamos en Deportivo Quito&#8221;"},"content":{"rendered":"<p><a href=\"http:\/\/www.locoxelrojo.com.ar\/independiente\/wp-content\/uploads\/2011\/01\/hilario_mardel.jpg\"><img loading=\"lazy\" class=\"alignnone size-full wp-image-3879\" title=\"hilario_mardel\" src=\"http:\/\/www.locoxelrojo.com.ar\/independiente\/wp-content\/uploads\/2011\/01\/hilario_mardel.jpg\" alt=\"\" width=\"550\" height=\"315\" srcset=\"https:\/\/locoxelrojo.com\/independiente\/wp-content\/uploads\/2011\/01\/hilario_mardel.jpg 550w, https:\/\/locoxelrojo.com\/independiente\/wp-content\/uploads\/2011\/01\/hilario_mardel-300x171.jpg 300w\" sizes=\"(max-width: 550px) 100vw, 550px\" \/><\/a><\/p>\n<p>Hilario Navarro una de las figuras del Rojo en lo que fue la obtenci\u00f3n de la Copa Sudamericana dialog\u00f3 con <strong>Sportia<\/strong> el noticiero de <strong>TyC Sports<\/strong>, en medio de la dura pretemporada que Independiente est\u00e1 realizando en la ciudad de Mar del Plata, y reconoci\u00f3 que ya tiene la mente puesta en el repechaje de la Copa Libertadores frente a Deportivo Quito.<\/p>\n<p><strong>\u201cYa pensamos en Deportivo Quito, porque es el compromiso m\u00e1s pr\u00f3ximo que tenemos, y uno se est\u00e1 preparando para esos partidos\u201d<\/strong>, confeso el correntino quien estar\u00e1 debajo de los tres palos el 25 de enero en el Libertadores de Am\u00e9rica, d\u00eda en que se juega dicho encuentro.<\/p>\n<p>Como bien adelantaba<strong> LocoxelRojo<\/strong> en diciembre pasado, Hilario ten\u00eda todas las fichas puestas en ser el mejor arquero de Am\u00e9rica seg\u00fan el Diario El Pa\u00eds de Montevideo. Y as\u00ed fue. Sobre este premio Navarro se manifest\u00f3 muy feliz. <strong>&#8220;Muy contento de que a uno lo tengan en cuenta y estar ah\u00ed ya es muy importante. Hay que seguir trabajando, hacer bien las cosas ac\u00e1 en el club, porque tenemos compromisos muy importantes este a\u00f1o y ojal\u00e1 de estar todos en un nivel muy bueno\u201d<\/strong>.<\/p>\n","protected":false},"excerpt":{"rendered":"<p>Hilario Navarro una de las figuras del Rojo en lo que fue la obtenci\u00f3n de la Copa Sudamericana dialog\u00f3 con Sportia el noticiero de TyC Sports, en medio de la dura pretemporada que Independiente est\u00e1 realizando en la ciudad de Mar del Plata, y reconoci\u00f3 que ya tiene la mente puesta en el repechaje de [&hellip;]<\/p>\n","protected":false},"author":1,"featured_media":0,"comment_status":"open","ping_status":"open","sticky":false,"template":"","format":"standard","meta":{"_links_to":"","_links_to_target":""},"categories":[494,3,1],"tags":[153,364,285,76,354],"_links":{"self":[{"href":"https:\/\/www.locoxelrojo.com\/independiente\/wp-json\/wp\/v2\/posts\/3878"}],"collection":[{"href":"https:\/\/www.locoxelrojo.com\/independiente\/wp-json\/wp\/v2\/posts"}],"about":[{"href":"https:\/\/www.locoxelrojo.com\/independiente\/wp-json\/wp\/v2\/types\/post"}],"author":[{"embeddable":true,"href":"https:\/\/www.locoxelrojo.com\/independiente\/wp-json\/wp\/v2\/users\/1"}],"replies":[{"embeddable":true,"href":"https:\/\/www.locoxelrojo.com\/independiente\/wp-json\/wp\/v2\/comments?post=3878"}],"version-history":[{"count":0,"href":"https:\/\/www.locoxelrojo.com\/independiente\/wp-json\/wp\/v2\/posts\/3878\/revisions"}],"wp:attachment":[{"href":"https:\/\/www.locoxelrojo.com\/independiente\/wp-json\/wp\/v2\/media?parent=3878"}],"wp:term":[{"taxonomy":"category","embeddable":true,"href":"https:\/\/www.locoxelrojo.com\/independiente\/wp-json\/wp\/v2\/categories?post=3878"},{"taxonomy":"post_tag","embeddable":true,"href":"https:\/\/www.locoxelrojo.com\/independiente\/wp-json\/wp\/v2\/tags?post=3878"}],"curies":[{"name":"wp","href":"https:\/\/api.w.org\/{rel}","templated":true}]}}