{"id":38857,"date":"2013-12-09T23:30:08","date_gmt":"2013-12-10T02:30:08","guid":{"rendered":"http:\/\/www.locoxelrojo.com.ar\/independiente\/?p=38857"},"modified":"2013-12-09T23:30:08","modified_gmt":"2013-12-10T02:30:08","slug":"asumio-gomis-el-nuevo-coordinador-de-futbol-juvenil","status":"publish","type":"post","link":"https:\/\/www.locoxelrojo.com\/independiente\/2013\/12\/09\/asumio-gomis-el-nuevo-coordinador-de-futbol-juvenil\/","title":{"rendered":"Asumi\u00f3 Gomis, el nuevo Coordinador de F\u00fatbol Juvenil"},"content":{"rendered":"<p><strong>Miguel Gomis asumi\u00f3 como Coordinador de F\u00fatbol juvenil, acompa\u00f1ado de Ra\u00fal Ripoli y Andrea Racagno.<\/strong> Gomis reemplaza a Manuel Mag\u00e1n.<\/p>\n<p>Hay una nueva cara en las inferiores de Independiente. <strong>Se trata del nuevo Coordinador Miguel Gomis, quien fue recomendado por Gabriel Milito, palabra santa en el club. Adem\u00e1s, Ripoli estar\u00e1 a su lado como Preparador F\u00edsico y Racagno se ocupar\u00e1 del \u00e1rea de psicolog\u00eda. El &#8220;Mariscal&#8221; tambi\u00e9n dio el visto bueno por estos \u00faltimos dos.<\/strong><\/p>\n<p>Por otro lado, <strong>Santiago &#8220;Lechu&#8221; Rodr\u00edguez es el nuevo Coordinador de F\u00fatbol Infantil del &#8220;Rojo&#8221;.<\/strong> El ex t\u00e9cnico de la Reserva de Independiente reemplazar\u00e1 a Gabriel Rodr\u00edguez.<\/p>\n","protected":false},"excerpt":{"rendered":"<p>Miguel Gomis asumi\u00f3 como Coordinador de F\u00fatbol juvenil, acompa\u00f1ado de Ra\u00fal Ripoli y Andrea Racagno. Gomis reemplaza a Manuel Mag\u00e1n. Hay una nueva cara en las inferiores de Independiente. Se trata del nuevo Coordinador Miguel Gomis, quien fue recomendado por Gabriel Milito, palabra santa en el club. Adem\u00e1s, Ripoli estar\u00e1 a su lado como Preparador [&hellip;]<\/p>\n","protected":false},"author":11,"featured_media":38858,"comment_status":"closed","ping_status":"closed","sticky":false,"template":"","format":"standard","meta":{"_links_to":"","_links_to_target":""},"categories":[3,1],"tags":[2481,2480,2479,2482,1346],"_links":{"self":[{"href":"https:\/\/www.locoxelrojo.com\/independiente\/wp-json\/wp\/v2\/posts\/38857"}],"collection":[{"href":"https:\/\/www.locoxelrojo.com\/independiente\/wp-json\/wp\/v2\/posts"}],"about":[{"href":"https:\/\/www.locoxelrojo.com\/independiente\/wp-json\/wp\/v2\/types\/post"}],"author":[{"embeddable":true,"href":"https:\/\/www.locoxelrojo.com\/independiente\/wp-json\/wp\/v2\/users\/11"}],"replies":[{"embeddable":true,"href":"https:\/\/www.locoxelrojo.com\/independiente\/wp-json\/wp\/v2\/comments?post=38857"}],"version-history":[{"count":0,"href":"https:\/\/www.locoxelrojo.com\/independiente\/wp-json\/wp\/v2\/posts\/38857\/revisions"}],"wp:featuredmedia":[{"embeddable":true,"href":"https:\/\/www.locoxelrojo.com\/independiente\/wp-json\/wp\/v2\/media\/38858"}],"wp:attachment":[{"href":"https:\/\/www.locoxelrojo.com\/independiente\/wp-json\/wp\/v2\/media?parent=38857"}],"wp:term":[{"taxonomy":"category","embeddable":true,"href":"https:\/\/www.locoxelrojo.com\/independiente\/wp-json\/wp\/v2\/categories?post=38857"},{"taxonomy":"post_tag","embeddable":true,"href":"https:\/\/www.locoxelrojo.com\/independiente\/wp-json\/wp\/v2\/tags?post=38857"}],"curies":[{"name":"wp","href":"https:\/\/api.w.org\/{rel}","templated":true}]}}