{"id":38863,"date":"2013-12-09T23:55:18","date_gmt":"2013-12-10T02:55:18","guid":{"rendered":"http:\/\/www.locoxelrojo.com.ar\/independiente\/?p=38863"},"modified":"2015-10-14T19:30:52","modified_gmt":"2015-10-14T22:30:52","slug":"vidal-como-no-me-voy-a-querer-quedar-en-independiente","status":"publish","type":"post","link":"https:\/\/www.locoxelrojo.com\/independiente\/2013\/12\/09\/vidal-como-no-me-voy-a-querer-quedar-en-independiente\/","title":{"rendered":"M. Vidal: &#8220;\u00bfC\u00f3mo no me voy a querer quedar en Independiente?&#8221;"},"content":{"rendered":"<p>Marcelo Vidal <strong>demostr\u00f3 sus ganas de renovar el contrato y quedarse en Independiente. &#8220;Es mi segunda casa&#8221;<\/strong>, solt\u00f3. Por otro lado,<strong> habl\u00f3 de su rendimiento personal y elogi\u00f3 al equipo.<\/strong><\/p>\n<p><strong>&#8220;Independiente es como mi segunda casa. \u00bfC\u00f3mo no me voy a querer quedar?&#8221;<\/strong>, expres\u00f3 el volante en di\u00e1logo con Rock and Closs.<\/p>\n<p>Al ser consultado por su performance, Vidal coment\u00f3: <strong>&#8220;Tengo que seguir aportando lo m\u00edo. En mi cabeza estaba que ten\u00eda que pelear el puesto y con la ilusi\u00f3n de que llegue la oportunidad&#8221;.<\/strong><\/p>\n<p>Luego, entendi\u00f3 que el plantel entero es responsable de este momento.<strong> &#8220;El plantel es el que sostiene el equipo, no s\u00f3lo los once que entran a la cancha. Los que est\u00e1n afuera tambi\u00e9n est\u00e1n peleando&#8221;<\/strong>, resalt\u00f3.<\/p>\n<p>Por \u00faltimo, hizo referencia a las vacaciones de los jugadores hasta el 3 de enero.<strong> &#8220;Hay que descansar y pensar en hacer una buena pretemporada&#8221;<\/strong>, cerr\u00f3.<\/p>\n<p>&nbsp;<\/p>\n","protected":false},"excerpt":{"rendered":"<p>Marcelo Vidal demostr\u00f3 sus ganas de renovar el contrato y quedarse en Independiente. &#8220;Es mi segunda casa&#8221;, solt\u00f3. Por otro lado, habl\u00f3 de su rendimiento personal y elogi\u00f3 al equipo. &#8220;Independiente es como mi segunda casa. \u00bfC\u00f3mo no me voy a querer quedar?&#8221;, expres\u00f3 el volante en di\u00e1logo con Rock and Closs. Al ser consultado [&hellip;]<\/p>\n","protected":false},"author":11,"featured_media":38864,"comment_status":"closed","ping_status":"closed","sticky":false,"template":"","format":"standard","meta":{"_links_to":"","_links_to_target":""},"categories":[3,1],"tags":[453],"_links":{"self":[{"href":"https:\/\/www.locoxelrojo.com\/independiente\/wp-json\/wp\/v2\/posts\/38863"}],"collection":[{"href":"https:\/\/www.locoxelrojo.com\/independiente\/wp-json\/wp\/v2\/posts"}],"about":[{"href":"https:\/\/www.locoxelrojo.com\/independiente\/wp-json\/wp\/v2\/types\/post"}],"author":[{"embeddable":true,"href":"https:\/\/www.locoxelrojo.com\/independiente\/wp-json\/wp\/v2\/users\/11"}],"replies":[{"embeddable":true,"href":"https:\/\/www.locoxelrojo.com\/independiente\/wp-json\/wp\/v2\/comments?post=38863"}],"version-history":[{"count":0,"href":"https:\/\/www.locoxelrojo.com\/independiente\/wp-json\/wp\/v2\/posts\/38863\/revisions"}],"wp:featuredmedia":[{"embeddable":true,"href":"https:\/\/www.locoxelrojo.com\/independiente\/wp-json\/wp\/v2\/media\/38864"}],"wp:attachment":[{"href":"https:\/\/www.locoxelrojo.com\/independiente\/wp-json\/wp\/v2\/media?parent=38863"}],"wp:term":[{"taxonomy":"category","embeddable":true,"href":"https:\/\/www.locoxelrojo.com\/independiente\/wp-json\/wp\/v2\/categories?post=38863"},{"taxonomy":"post_tag","embeddable":true,"href":"https:\/\/www.locoxelrojo.com\/independiente\/wp-json\/wp\/v2\/tags?post=38863"}],"curies":[{"name":"wp","href":"https:\/\/api.w.org\/{rel}","templated":true}]}}