{"id":38866,"date":"2013-12-09T23:59:53","date_gmt":"2013-12-10T02:59:53","guid":{"rendered":"http:\/\/www.locoxelrojo.com.ar\/independiente\/?p=38866"},"modified":"2013-12-10T00:23:18","modified_gmt":"2013-12-10T03:23:18","slug":"de-felippe-podemos-rendir-mas-los-vamos-a-exigir-en-la-pretemporada","status":"publish","type":"post","link":"https:\/\/www.locoxelrojo.com\/independiente\/2013\/12\/09\/de-felippe-podemos-rendir-mas-los-vamos-a-exigir-en-la-pretemporada\/","title":{"rendered":"De Felippe: &#8220;Podemos rendir m\u00e1s, los vamos a exigir en la pretemporada&#8221;"},"content":{"rendered":"<p>Omar De Felippe asegur\u00f3 que el equipo puede rendir m\u00e1s y<strong> que en la pretemporada exigir\u00e1 a los jugadores. Por otro lado, cont\u00f3 que no esperaba esta cantidad de puntos y se refiri\u00f3 a los dos refuerzos que puede traer el &#8220;Rojo&#8221;.<\/strong><\/p>\n<p><strong>&#8220;Creo que los chicos se est\u00e1n acomodando, podemos rendir m\u00e1s, confiamos mucho en la pretemporada, los vamos a exigir. Est\u00e1n capacitados para que los exijamos&#8221;<\/strong>, expres\u00f3 el entrenador en di\u00e1logo con L\u00edbero por TyC Sports.<\/p>\n<p>Luego, resalt\u00f3 su sorpresa por la cantidad de puntos sacada en tan poco tiempo y cont\u00f3 c\u00f3mo cambiaron la cabeza de los jugadores: <strong>&#8220;Quer\u00edamos estar cerca, pero no imagin\u00e1bamos esta cantidad de puntos. La exigencia fue muy grande y lo sacaron adelante. Sab\u00edamos como estaba el club desde todos los aspectos. Era necesario entrar convencidos de lo que quer\u00edamos y con una forma de trabajo. Les planteamos a los jugadores lo que quer\u00edamos en todo sentido. En lo f\u00edsico, en lo t\u00e1ctico, en la concentraci\u00f3n, en la ropa, en la gente, en todo&#8221;.<\/strong><\/p>\n<p>Al ser consultado por los refuerzos a traer, <strong>De Felippe sostuvo que no habl\u00f3 todav\u00eda con los dirigentes, pero que traer\u00e1 en los puestos que sea necesario. &#8220;Si traemos es para potenciar, si no, no traemos a nadie&#8221;<\/strong>, agreg\u00f3.<\/p>\n<p><strong>&#8220;Sabemos lo que puede dar Fredes, se est\u00e1 resolviendo la posibilidad de que se quede y creo que nos puede aportar mucho. Lo conocemos de la \u00e9poca con Falcioni. Va a ser un refuerzo&#8221;<\/strong>, mencion\u00f3 en cuanto a la posible continuidad del volante.<\/p>\n<p>Por \u00faltimo, descart\u00f3 todos los rumores sobre un problema personal con Adri\u00e1n Fern\u00e1ndez. <strong>&#8220;Ha jugado en Primera, lo tenemos en cuenta y no queremos que se vaya. Tratamos de armar lo mejor que podemos con lo que vemos en la semana. No tengo nada contra el pibe, en todos lados piensan que tengo un problema personal y no es as\u00ed, ojal\u00e1 la rompa y haga goles&#8221;<\/strong>, concluy\u00f3.<\/p>\n<div><\/div>\n","protected":false},"excerpt":{"rendered":"<p>Omar De Felippe asegur\u00f3 que el equipo puede rendir m\u00e1s y que en la pretemporada exigir\u00e1 a los jugadores. Por otro lado, cont\u00f3 que no esperaba esta cantidad de puntos y se refiri\u00f3 a los dos refuerzos que puede traer el &#8220;Rojo&#8221;. &#8220;Creo que los chicos se est\u00e1n acomodando, podemos rendir m\u00e1s, confiamos mucho en [&hellip;]<\/p>\n","protected":false},"author":11,"featured_media":38870,"comment_status":"closed","ping_status":"closed","sticky":false,"template":"","format":"standard","meta":{"_links_to":"","_links_to_target":""},"categories":[3,1],"tags":[2032],"_links":{"self":[{"href":"https:\/\/www.locoxelrojo.com\/independiente\/wp-json\/wp\/v2\/posts\/38866"}],"collection":[{"href":"https:\/\/www.locoxelrojo.com\/independiente\/wp-json\/wp\/v2\/posts"}],"about":[{"href":"https:\/\/www.locoxelrojo.com\/independiente\/wp-json\/wp\/v2\/types\/post"}],"author":[{"embeddable":true,"href":"https:\/\/www.locoxelrojo.com\/independiente\/wp-json\/wp\/v2\/users\/11"}],"replies":[{"embeddable":true,"href":"https:\/\/www.locoxelrojo.com\/independiente\/wp-json\/wp\/v2\/comments?post=38866"}],"version-history":[{"count":0,"href":"https:\/\/www.locoxelrojo.com\/independiente\/wp-json\/wp\/v2\/posts\/38866\/revisions"}],"wp:featuredmedia":[{"embeddable":true,"href":"https:\/\/www.locoxelrojo.com\/independiente\/wp-json\/wp\/v2\/media\/38870"}],"wp:attachment":[{"href":"https:\/\/www.locoxelrojo.com\/independiente\/wp-json\/wp\/v2\/media?parent=38866"}],"wp:term":[{"taxonomy":"category","embeddable":true,"href":"https:\/\/www.locoxelrojo.com\/independiente\/wp-json\/wp\/v2\/categories?post=38866"},{"taxonomy":"post_tag","embeddable":true,"href":"https:\/\/www.locoxelrojo.com\/independiente\/wp-json\/wp\/v2\/tags?post=38866"}],"curies":[{"name":"wp","href":"https:\/\/api.w.org\/{rel}","templated":true}]}}