{"id":38912,"date":"2013-12-10T22:03:31","date_gmt":"2013-12-11T01:03:31","guid":{"rendered":"http:\/\/www.locoxelrojo.com.ar\/independiente\/?p=38912"},"modified":"2013-12-13T01:46:17","modified_gmt":"2013-12-13T04:46:17","slug":"fredes-sigue-seis-meses-mas","status":"publish","type":"post","link":"https:\/\/www.locoxelrojo.com\/independiente\/2013\/12\/10\/fredes-sigue-seis-meses-mas\/","title":{"rendered":"Fredes sigue seis meses m\u00e1s"},"content":{"rendered":"<p>Hern\u00e1n Fredes va a continuar seis meses m\u00e1s en Independiente. De esta forma, Omar De Felippe ya cuenta con el primer refuerzo de cara a la \u00faltima etapa del campeonato<strong>. El volante no ocupa cupo y har\u00e1 la pretemporada a la par de sus compa\u00f1eros.<\/strong><\/p>\n<p><strong>Finalmente, la novela de Hern\u00e1n Fredes tuvo final feliz. O por lo menos, como quer\u00eda Omar De Felippe. La negociaci\u00f3n lleg\u00f3 a buen puerto y el jugador va a continuar en el club al menos hasta junio de 2014.<\/strong><\/p>\n<p>La continuidad de Fredes fue uno de los pedidos del entrenador y podr\u00e1 contar con \u00e9l a la vuelta de las vacaciones. <strong>Adem\u00e1s de conseguir una suba del 20% en su contrato, lo firmado con el Tigres de M\u00e9xico sigue vigente. Si el club mexicano lo dispone, podr\u00e1 hacer uso del precontrato a partir de junio.<\/strong><\/p>\n<p>Entre los hinchas, las opiniones son divididas. Para muchos el jugador cumpli\u00f3 un ciclo en el club, mientras que otros consideran que puede ser una pieza clave para jugar la segunda ronda de la B Nacional. <strong>En total visti\u00f3 la camiseta de Independiente en 179 partidos y convirti\u00f3 7 goles.<\/strong><\/p>\n","protected":false},"excerpt":{"rendered":"<p>Hern\u00e1n Fredes va a continuar seis meses m\u00e1s en Independiente. De esta forma, Omar De Felippe ya cuenta con el primer refuerzo de cara a la \u00faltima etapa del campeonato. El volante no ocupa cupo y har\u00e1 la pretemporada a la par de sus compa\u00f1eros. Finalmente, la novela de Hern\u00e1n Fredes tuvo final feliz. O [&hellip;]<\/p>\n","protected":false},"author":1,"featured_media":31599,"comment_status":"closed","ping_status":"closed","sticky":false,"template":"","format":"standard","meta":{"_links_to":"","_links_to_target":""},"categories":[3,1],"tags":[71],"_links":{"self":[{"href":"https:\/\/www.locoxelrojo.com\/independiente\/wp-json\/wp\/v2\/posts\/38912"}],"collection":[{"href":"https:\/\/www.locoxelrojo.com\/independiente\/wp-json\/wp\/v2\/posts"}],"about":[{"href":"https:\/\/www.locoxelrojo.com\/independiente\/wp-json\/wp\/v2\/types\/post"}],"author":[{"embeddable":true,"href":"https:\/\/www.locoxelrojo.com\/independiente\/wp-json\/wp\/v2\/users\/1"}],"replies":[{"embeddable":true,"href":"https:\/\/www.locoxelrojo.com\/independiente\/wp-json\/wp\/v2\/comments?post=38912"}],"version-history":[{"count":0,"href":"https:\/\/www.locoxelrojo.com\/independiente\/wp-json\/wp\/v2\/posts\/38912\/revisions"}],"wp:featuredmedia":[{"embeddable":true,"href":"https:\/\/www.locoxelrojo.com\/independiente\/wp-json\/wp\/v2\/media\/31599"}],"wp:attachment":[{"href":"https:\/\/www.locoxelrojo.com\/independiente\/wp-json\/wp\/v2\/media?parent=38912"}],"wp:term":[{"taxonomy":"category","embeddable":true,"href":"https:\/\/www.locoxelrojo.com\/independiente\/wp-json\/wp\/v2\/categories?post=38912"},{"taxonomy":"post_tag","embeddable":true,"href":"https:\/\/www.locoxelrojo.com\/independiente\/wp-json\/wp\/v2\/tags?post=38912"}],"curies":[{"name":"wp","href":"https:\/\/api.w.org\/{rel}","templated":true}]}}