{"id":38999,"date":"2013-12-16T23:05:35","date_gmt":"2013-12-17T02:05:35","guid":{"rendered":"http:\/\/www.locoxelrojo.com.ar\/independiente\/?p=38999"},"modified":"2013-12-17T01:09:14","modified_gmt":"2013-12-17T04:09:14","slug":"riveiro-yo-no-aprobe-el-balance","status":"publish","type":"post","link":"https:\/\/www.locoxelrojo.com\/independiente\/2013\/12\/16\/riveiro-yo-no-aprobe-el-balance\/","title":{"rendered":"Riveiro: &#8220;Yo no aprob\u00e9 el Balance&#8221;"},"content":{"rendered":"<p>\u00c1ngel Riveiro, representante de socios por el oficialismo e integrante de la agrupaci\u00f3n Aut\u00e9nticos Rojos, <strong>dej\u00f3 en claro esta noche que vot\u00f3 de forma negativa al Balance pero se lo contabilizaron a favor.<\/strong><\/p>\n<p><strong>&#8220;De ninguna manera voto a esta gente corrupta. Yo no los vot\u00e9 porque creo que est\u00e1 todo incorrecto&#8221;<\/strong>, expres\u00f3 en Campanas del Infierno. Dentro del bloque oficialista, hubo varios representantes que no aprobaron el balance y Riveiro confirm\u00f3 que fue uno de ellos:<strong> &#8220;Yo no aprob\u00e9 el balance&#8221;.<\/strong><\/p>\n<p>Durante la votaci\u00f3n hubo discusiones y forcejeos entre dirigentes oficialistas y opositores. Los votos se volvieron a contar en medio de un caos y el resultado final, seg\u00fan fuentes oficiales fue de 25 a 23, <strong>pero seg\u00fan Riveiro, dentro de esos 25, est\u00e1n contabilizando el suyo que fue en contra, por la tanto la misma hubiera finalizado igualada en 24. &#8220;No estoy de acuerdo, no pod\u00eda votar algo con lo que no comparto&#8221;<\/strong>, reiter\u00f3.<\/p>\n<p>Para finalizar, agreg\u00f3: <strong>&#8220;Afirmo y ratifico donde quieran que yo no vot\u00e9 a favor del Balance&#8221;.<\/strong><\/p>\n<p>Si el voto de Riveiro no se hubiera contabilizado, la votaci\u00f3n habr\u00eda terminado empatada en 24. <strong>Si eso ocurr\u00eda, Javier Cantero ten\u00eda el voto final. El problema es que no se puede volver el tiempo atr\u00e1s y habr\u00eda que impugnar la votaci\u00f3n, pero ning\u00fan opositor hasta el momento lo pidi\u00f3.<\/strong><\/p>\n","protected":false},"excerpt":{"rendered":"<p>\u00c1ngel Riveiro, representante de socios por el oficialismo e integrante de la agrupaci\u00f3n Aut\u00e9nticos Rojos, dej\u00f3 en claro esta noche que vot\u00f3 de forma negativa al Balance pero se lo contabilizaron a favor. &#8220;De ninguna manera voto a esta gente corrupta. Yo no los vot\u00e9 porque creo que est\u00e1 todo incorrecto&#8221;, expres\u00f3 en Campanas del [&hellip;]<\/p>\n","protected":false},"author":1,"featured_media":39006,"comment_status":"closed","ping_status":"closed","sticky":false,"template":"","format":"standard","meta":{"_links_to":"","_links_to_target":""},"categories":[4,1],"tags":[2489,2337],"_links":{"self":[{"href":"https:\/\/www.locoxelrojo.com\/independiente\/wp-json\/wp\/v2\/posts\/38999"}],"collection":[{"href":"https:\/\/www.locoxelrojo.com\/independiente\/wp-json\/wp\/v2\/posts"}],"about":[{"href":"https:\/\/www.locoxelrojo.com\/independiente\/wp-json\/wp\/v2\/types\/post"}],"author":[{"embeddable":true,"href":"https:\/\/www.locoxelrojo.com\/independiente\/wp-json\/wp\/v2\/users\/1"}],"replies":[{"embeddable":true,"href":"https:\/\/www.locoxelrojo.com\/independiente\/wp-json\/wp\/v2\/comments?post=38999"}],"version-history":[{"count":0,"href":"https:\/\/www.locoxelrojo.com\/independiente\/wp-json\/wp\/v2\/posts\/38999\/revisions"}],"wp:featuredmedia":[{"embeddable":true,"href":"https:\/\/www.locoxelrojo.com\/independiente\/wp-json\/wp\/v2\/media\/39006"}],"wp:attachment":[{"href":"https:\/\/www.locoxelrojo.com\/independiente\/wp-json\/wp\/v2\/media?parent=38999"}],"wp:term":[{"taxonomy":"category","embeddable":true,"href":"https:\/\/www.locoxelrojo.com\/independiente\/wp-json\/wp\/v2\/categories?post=38999"},{"taxonomy":"post_tag","embeddable":true,"href":"https:\/\/www.locoxelrojo.com\/independiente\/wp-json\/wp\/v2\/tags?post=38999"}],"curies":[{"name":"wp","href":"https:\/\/api.w.org\/{rel}","templated":true}]}}