{"id":39014,"date":"2013-12-18T12:21:13","date_gmt":"2013-12-18T15:21:13","guid":{"rendered":"http:\/\/www.locoxelrojo.com.ar\/independiente\/?p=39014"},"modified":"2013-12-18T16:21:33","modified_gmt":"2013-12-18T19:21:33","slug":"verano-2014-en-el-predio-de-wilde","status":"publish","type":"post","link":"https:\/\/www.locoxelrojo.com\/independiente\/2013\/12\/18\/verano-2014-en-el-predio-de-wilde\/","title":{"rendered":"Verano 2014 en el predio de Wilde"},"content":{"rendered":"<p>Ya est\u00e1 en marcha la temporada de pileta y Colonia de Vacaciones 2014 en el Complejo de Wilde. Este verano pod\u00e9s disfrutarlo en el natatorio m\u00e1s grande de Sudam\u00e9rica.<\/p>\n<p><strong>Desde el s\u00e1bado 14 de diciembre, en el Complejo de Wilde, est\u00e1 abierta la temporada de pileta 2014.<\/strong> El predio est\u00e1 ubicado en Las Flores 1700 en Wilde y cuenta con 27 hect\u00e1reas y la pileta m\u00e1s grande de Sudam\u00e9rica. Adem\u00e1s, podes disfrutar de grandes espacios verdes, canchas para diferentes disciplinas deportivas, confiter\u00eda, parrillas, mesas y quinchos. Tambi\u00e9n estacionamiento propio para m\u00e1s de 300 veh\u00edculos.<\/p>\n<p><strong>La Colonia de Vacaciones, arranc\u00f3 el lunes 16 y ofrece turno ma\u00f1ana, tarde y jornada completa.<\/strong><\/p>\n<p><strong>Para m\u00e1s informaci\u00f3n y consulta de \u00a0precios, ingres\u00e1 al <a href=\"https:\/\/clubaindependiente.com\/es\/institucion\/sedes\/noticias\/1386081080\">Sitio Oficial<\/a>.<\/strong><\/p>\n","protected":false},"excerpt":{"rendered":"<p>Ya est\u00e1 en marcha la temporada de pileta y Colonia de Vacaciones 2014 en el Complejo de Wilde. Este verano pod\u00e9s disfrutarlo en el natatorio m\u00e1s grande de Sudam\u00e9rica. Desde el s\u00e1bado 14 de diciembre, en el Complejo de Wilde, est\u00e1 abierta la temporada de pileta 2014. El predio est\u00e1 ubicado en Las Flores 1700 [&hellip;]<\/p>\n","protected":false},"author":1,"featured_media":39015,"comment_status":"closed","ping_status":"closed","sticky":false,"template":"","format":"standard","meta":{"_links_to":"","_links_to_target":""},"categories":[4,1],"tags":[153,390],"_links":{"self":[{"href":"https:\/\/www.locoxelrojo.com\/independiente\/wp-json\/wp\/v2\/posts\/39014"}],"collection":[{"href":"https:\/\/www.locoxelrojo.com\/independiente\/wp-json\/wp\/v2\/posts"}],"about":[{"href":"https:\/\/www.locoxelrojo.com\/independiente\/wp-json\/wp\/v2\/types\/post"}],"author":[{"embeddable":true,"href":"https:\/\/www.locoxelrojo.com\/independiente\/wp-json\/wp\/v2\/users\/1"}],"replies":[{"embeddable":true,"href":"https:\/\/www.locoxelrojo.com\/independiente\/wp-json\/wp\/v2\/comments?post=39014"}],"version-history":[{"count":0,"href":"https:\/\/www.locoxelrojo.com\/independiente\/wp-json\/wp\/v2\/posts\/39014\/revisions"}],"wp:featuredmedia":[{"embeddable":true,"href":"https:\/\/www.locoxelrojo.com\/independiente\/wp-json\/wp\/v2\/media\/39015"}],"wp:attachment":[{"href":"https:\/\/www.locoxelrojo.com\/independiente\/wp-json\/wp\/v2\/media?parent=39014"}],"wp:term":[{"taxonomy":"category","embeddable":true,"href":"https:\/\/www.locoxelrojo.com\/independiente\/wp-json\/wp\/v2\/categories?post=39014"},{"taxonomy":"post_tag","embeddable":true,"href":"https:\/\/www.locoxelrojo.com\/independiente\/wp-json\/wp\/v2\/tags?post=39014"}],"curies":[{"name":"wp","href":"https:\/\/api.w.org\/{rel}","templated":true}]}}