{"id":3904,"date":"2011-01-10T01:10:44","date_gmt":"2011-01-10T03:10:44","guid":{"rendered":"http:\/\/www.locoxelrojo.com.ar\/independiente\/?p=3904"},"modified":"2011-01-10T01:10:44","modified_gmt":"2011-01-10T03:10:44","slug":"relax-con-pelota","status":"publish","type":"post","link":"https:\/\/www.locoxelrojo.com\/independiente\/2011\/01\/10\/relax-con-pelota\/","title":{"rendered":"Relax con pelota"},"content":{"rendered":"<p><a href=\"http:\/\/www.locoxelrojo.com.ar\/independiente\/wp-content\/uploads\/2011\/01\/villamarista1.jpg\"><img loading=\"lazy\" class=\"alignnone size-full wp-image-3905\" title=\"villamarista\" src=\"http:\/\/www.locoxelrojo.com.ar\/independiente\/wp-content\/uploads\/2011\/01\/villamarista1.jpg\" alt=\"\" width=\"550\" height=\"315\" srcset=\"https:\/\/locoxelrojo.com\/independiente\/wp-content\/uploads\/2011\/01\/villamarista1.jpg 550w, https:\/\/locoxelrojo.com\/independiente\/wp-content\/uploads\/2011\/01\/villamarista1-300x171.jpg 300w\" sizes=\"(max-width: 550px) 100vw, 550px\" \/><\/a><\/p>\n<p>Luego de tener la ma\u00f1ana libre en donde Carlos Matheu, Juli\u00e1n Vel\u00e1zquez y Federico Mancuello aprovecharon para almorzar junto a la pe\u00f1a de Miramar. El asado se organiz\u00f3 en la parrilla el Charr\u00e9 ubicada en la avenida 9 entre 20 y 22. Hubo casi 150 personas.<\/p>\n<p>Por la tarde, no hubo pr\u00e1ctica de f\u00fatbol pero Mohamed sigui\u00f3 haciendo hincapi\u00e9 en el control de la pelota. Entrada en calor con pelota y luego 3 grupos que se iban intercambiando entre s\u00ed. Hubo ejercicios de precisi\u00f3n y f\u00fatbol tenis. As\u00ed, el plantel queda descansado para arrancar ma\u00f1ana, en la previa de San Lorenzo, a las 8 am.<\/p>\n<p>Se correr\u00e1 desde el Balneario 12 hasta el puerto. Alrrededor de las 10,30 habr\u00e1 eloganci\u00f3n con ejercicios distendidos haciendo uso de la pelota y luego, segundo desayuno de por medio, gimnasio en el Balneario 12 nuevamente. Por la tarde, habr\u00e1 f\u00fatbol y se terminar\u00e1n de ultimar los detalles para enfrentar a San Lorenzo el d\u00eda martes.<\/p>\n","protected":false},"excerpt":{"rendered":"<p>Luego de tener la ma\u00f1ana libre en donde Carlos Matheu, Juli\u00e1n Vel\u00e1zquez y Federico Mancuello aprovecharon para almorzar junto a la pe\u00f1a de Miramar. El asado se organiz\u00f3 en la parrilla el Charr\u00e9 ubicada en la avenida 9 entre 20 y 22. Hubo casi 150 personas. Por la tarde, no hubo pr\u00e1ctica de f\u00fatbol pero [&hellip;]<\/p>\n","protected":false},"author":1,"featured_media":0,"comment_status":"open","ping_status":"open","sticky":false,"template":"","format":"standard","meta":{"_links_to":"","_links_to_target":""},"categories":[3,1],"tags":[27,153,48,32,471,472],"_links":{"self":[{"href":"https:\/\/www.locoxelrojo.com\/independiente\/wp-json\/wp\/v2\/posts\/3904"}],"collection":[{"href":"https:\/\/www.locoxelrojo.com\/independiente\/wp-json\/wp\/v2\/posts"}],"about":[{"href":"https:\/\/www.locoxelrojo.com\/independiente\/wp-json\/wp\/v2\/types\/post"}],"author":[{"embeddable":true,"href":"https:\/\/www.locoxelrojo.com\/independiente\/wp-json\/wp\/v2\/users\/1"}],"replies":[{"embeddable":true,"href":"https:\/\/www.locoxelrojo.com\/independiente\/wp-json\/wp\/v2\/comments?post=3904"}],"version-history":[{"count":0,"href":"https:\/\/www.locoxelrojo.com\/independiente\/wp-json\/wp\/v2\/posts\/3904\/revisions"}],"wp:attachment":[{"href":"https:\/\/www.locoxelrojo.com\/independiente\/wp-json\/wp\/v2\/media?parent=3904"}],"wp:term":[{"taxonomy":"category","embeddable":true,"href":"https:\/\/www.locoxelrojo.com\/independiente\/wp-json\/wp\/v2\/categories?post=3904"},{"taxonomy":"post_tag","embeddable":true,"href":"https:\/\/www.locoxelrojo.com\/independiente\/wp-json\/wp\/v2\/tags?post=3904"}],"curies":[{"name":"wp","href":"https:\/\/api.w.org\/{rel}","templated":true}]}}