{"id":3908,"date":"2011-01-10T01:39:02","date_gmt":"2011-01-10T03:39:02","guid":{"rendered":"http:\/\/www.locoxelrojo.com.ar\/independiente\/?p=3908"},"modified":"2011-01-10T01:39:19","modified_gmt":"2011-01-10T03:39:19","slug":"vittor-la-decision-de-mohamed-es-acertada","status":"publish","type":"post","link":"https:\/\/www.locoxelrojo.com\/independiente\/2011\/01\/10\/vittor-la-decision-de-mohamed-es-acertada\/","title":{"rendered":"Vittor: &#8220;La decisi\u00f3n de Mohamed es acertada&#8221;"},"content":{"rendered":"<p><a href=\"http:\/\/www.locoxelrojo.com.ar\/independiente\/wp-content\/uploads\/2011\/01\/vittor.jpg\"><img loading=\"lazy\" class=\"alignnone size-full wp-image-3909\" title=\"vittor\" src=\"http:\/\/www.locoxelrojo.com.ar\/independiente\/wp-content\/uploads\/2011\/01\/vittor.jpg\" alt=\"\" width=\"550\" height=\"315\" srcset=\"https:\/\/locoxelrojo.com\/independiente\/wp-content\/uploads\/2011\/01\/vittor.jpg 550w, https:\/\/locoxelrojo.com\/independiente\/wp-content\/uploads\/2011\/01\/vittor-300x171.jpg 300w\" sizes=\"(max-width: 550px) 100vw, 550px\" \/><\/a><\/p>\n<p>Sergio Vittor dialog\u00f3 con Independiente de Am\u00e9rica, domingos de 22 a 24 por Radio El Mundo AM 1070, y cont\u00f3 lo que le dijo Mohamed cuando lo vio por primera vez tras su vuelta de Eslovaquia. El volante central manifest\u00f3: <strong>&#8220;Independiente es mi casa pero el f\u00fatbol a mi me gusta jugarlo y no verlo desde afuera. Me fui a buscar continuidad afuera y tuve m\u00e1s de la que cre\u00eda. Estoy contento y vuelvo a darle duro, voy a entrenar y hacer una pretemporada buena para seguir mi camino a donde sea&#8221;.<\/strong><\/p>\n<p>Al referirse a las explicaciones de Mohamed, Vittor argument\u00f3:<strong> &#8220;El problema es con los cupos, Mohamed me dijo que si no ocupaba cupo iba a estar todo m\u00e1s que bien e iba a estar encantado de tenerme en el plantel. El tema es ese, el no pidi\u00f3 a nadie y no sabe si los dirigentes le van a traer m\u00e1s jugadores. Si voy de pretemporada, me hago ilusiones y si rompen el chanchito para traer un refuerzo me vuelvo a casa&#8221;.<\/strong><\/p>\n<p>Desde su punto de vista, Mohamed est\u00e1 en lo cierto.<strong> &#8220;Es lo que quer\u00eda escuchar porque en la pretemporada te ilusionas y despu\u00e9s ya era tarde para mirar otras cosas&#8221;<\/strong>, cont\u00f3. Y sigui\u00f3: <strong>&#8220;La decisi\u00f3n fue acertada. Estoy entrenando con la reserva. Est\u00e1 Diego Churin, Roberto Vissio, Jos\u00e9 Cornal\u00f3 y Cristian Ledesma. Es un grupo hermoso y los profes son buena onda, Cristian Diaz es muy buena onda y en terminos futbol\u00edsticos nos est\u00e1n matando&#8221;.<\/strong><\/p>\n<p>Para el 5, la experiencia europea fue muy positiva.<strong> &#8220;Estoy muy contento de la experiencia que tuve. Termin\u00e9 jugando el torneo m\u00e1s importante de Europa de la nada y eso a los 21 a\u00f1os no se compara con nada. La satisfacci\u00f3n que sent\u00ed no me la saca nadie y no me arrepiento de la decisi\u00f3n que tom\u00e9. Se rescindi\u00f3 por una cuesti\u00f3n extrafutbol\u00edstica. La decisi\u00f3n era contra mis sentimientos. Me quer\u00eda quedar pero no pude hacer nada<\/strong>&#8220;.<\/p>\n<p>Para cerrar, Vittor cont\u00f3 cu\u00e1les son sus deseos.<strong> &#8220;Yo quiero jugar en Independiente y formar parte de este plantel, quiero ganarme un puesto y demostrar lo que aprend\u00ed. Mi deseo es quedarme. Yo dije que me iba triste y con sed de revancha&#8221;.<br \/>\n<\/strong><\/p>\n","protected":false},"excerpt":{"rendered":"<p>Sergio Vittor dialog\u00f3 con Independiente de Am\u00e9rica, domingos de 22 a 24 por Radio El Mundo AM 1070, y cont\u00f3 lo que le dijo Mohamed cuando lo vio por primera vez tras su vuelta de Eslovaquia. El volante central manifest\u00f3: &#8220;Independiente es mi casa pero el f\u00fatbol a mi me gusta jugarlo y no verlo [&hellip;]<\/p>\n","protected":false},"author":1,"featured_media":0,"comment_status":"open","ping_status":"open","sticky":false,"template":"","format":"standard","meta":{"_links_to":"","_links_to_target":""},"categories":[3,1],"tags":[153,458,457],"_links":{"self":[{"href":"https:\/\/www.locoxelrojo.com\/independiente\/wp-json\/wp\/v2\/posts\/3908"}],"collection":[{"href":"https:\/\/www.locoxelrojo.com\/independiente\/wp-json\/wp\/v2\/posts"}],"about":[{"href":"https:\/\/www.locoxelrojo.com\/independiente\/wp-json\/wp\/v2\/types\/post"}],"author":[{"embeddable":true,"href":"https:\/\/www.locoxelrojo.com\/independiente\/wp-json\/wp\/v2\/users\/1"}],"replies":[{"embeddable":true,"href":"https:\/\/www.locoxelrojo.com\/independiente\/wp-json\/wp\/v2\/comments?post=3908"}],"version-history":[{"count":0,"href":"https:\/\/www.locoxelrojo.com\/independiente\/wp-json\/wp\/v2\/posts\/3908\/revisions"}],"wp:attachment":[{"href":"https:\/\/www.locoxelrojo.com\/independiente\/wp-json\/wp\/v2\/media?parent=3908"}],"wp:term":[{"taxonomy":"category","embeddable":true,"href":"https:\/\/www.locoxelrojo.com\/independiente\/wp-json\/wp\/v2\/categories?post=3908"},{"taxonomy":"post_tag","embeddable":true,"href":"https:\/\/www.locoxelrojo.com\/independiente\/wp-json\/wp\/v2\/tags?post=3908"}],"curies":[{"name":"wp","href":"https:\/\/api.w.org\/{rel}","templated":true}]}}