{"id":39243,"date":"2014-01-03T14:56:14","date_gmt":"2014-01-03T17:56:14","guid":{"rendered":"http:\/\/www.locoxelrojo.com.ar\/independiente\/?p=39243"},"modified":"2014-01-03T14:56:14","modified_gmt":"2014-01-03T17:56:14","slug":"de-felippe-el-mejor-refuerzo-seria-pagarle-a-los-que-estan","status":"publish","type":"post","link":"https:\/\/www.locoxelrojo.com\/independiente\/2014\/01\/03\/de-felippe-el-mejor-refuerzo-seria-pagarle-a-los-que-estan\/","title":{"rendered":"De Felippe: &#8220;El mejor refuerzo ser\u00eda pagarle a los que est\u00e1n&#8221;"},"content":{"rendered":"<p>Omar De Felippe reconoci\u00f3 que<strong> &#8220;es probable que no llegue nadie&#8221; y entendi\u00f3 que &#8220;el mejor refuerzo ser\u00eda pagarle a los que est\u00e1n&#8221;. Por otro lado, se refiri\u00f3 a la situaci\u00f3n de Juli\u00e1n Vel\u00e1zquez y opin\u00f3 de Lucas Mareque.<\/strong><\/p>\n<p><strong>&#8220;No hay ninguna negociaci\u00f3n, estamos contentos de que est\u00e9 la mayor\u00eda, esperemos que podamos quedarnos todos. Es probable que no llegue nadie, sabemos la situaci\u00f3n econ\u00f3mica que est\u00e1 pasando el f\u00fatbol argentino. El mejor refuerzo ser\u00eda pagarle a los que est\u00e1n y estar al d\u00eda&#8221;<\/strong>, expres\u00f3 el entrenador en conferencia de prensa.<\/p>\n<p>Al ser consultado por la ausencia de Vel\u00e1zquez en el primer d\u00eda de la pretemporada, solt\u00f3: <strong>&#8220;Tuvo un problema personal y ma\u00f1ana lo esperamos ac\u00e1&#8221;<\/strong>. Adem\u00e1s, dese\u00f3 que se resuelva el tema de su renovaci\u00f3n: <strong>&#8220;Esperemos que arregle su situaci\u00f3n, tenemos confianza en que por lo menos va a estar con nosotros en la pretemporada&#8221;.<\/strong><\/p>\n<p><strong>&#8220;Veremos lo que pasa con Franco Razzotti, ma\u00f1ana va a estar la lista definitiva y se sabr\u00e1 quienes viajan&#8221;<\/strong>, declar\u00f3 sobre el volante central, que tuvo un cruce fuerte con sus compa\u00f1eros y la dirigencia semanas atr\u00e1s.<\/p>\n<p>En tanto, cont\u00f3 que si Christian N\u00fa\u00f1ez se va, su idea es hablar con Gabriel Milito para subir a un lateral derecho del Selectivo: <strong>&#8220;Es probable que se vaya &#8216;Pich\u00f3n&#8217;. Tiene ganas de irse y retenerlo es inc\u00f3modo para ambas partes, respeto la decisi\u00f3n del jugador. Estamos en contacto con Milito para ver qu\u00e9 chicos vamos a subir&#8221;.<\/strong><\/p>\n<p>Por \u00faltimo, opin\u00f3 sobre Lucas Mareque, aunque fue muy cauto a la hora de hablar de una posible futura llegada al club. <strong>&#8220;Es un buen jugador, todav\u00eda no me lo ofrecieron, escuch\u00e9 por ah\u00ed, pero no me voy a apurar por si alg\u00fan jugador se va&#8221;<\/strong>, cerr\u00f3.<\/p>\n<p>&nbsp;<\/p>\n","protected":false},"excerpt":{"rendered":"<p>Omar De Felippe reconoci\u00f3 que &#8220;es probable que no llegue nadie&#8221; y entendi\u00f3 que &#8220;el mejor refuerzo ser\u00eda pagarle a los que est\u00e1n&#8221;. Por otro lado, se refiri\u00f3 a la situaci\u00f3n de Juli\u00e1n Vel\u00e1zquez y opin\u00f3 de Lucas Mareque. &#8220;No hay ninguna negociaci\u00f3n, estamos contentos de que est\u00e9 la mayor\u00eda, esperemos que podamos quedarnos todos. [&hellip;]<\/p>\n","protected":false},"author":11,"featured_media":39245,"comment_status":"closed","ping_status":"closed","sticky":false,"template":"","format":"standard","meta":{"_links_to":"","_links_to_target":""},"categories":[3,1],"tags":[2032],"_links":{"self":[{"href":"https:\/\/www.locoxelrojo.com\/independiente\/wp-json\/wp\/v2\/posts\/39243"}],"collection":[{"href":"https:\/\/www.locoxelrojo.com\/independiente\/wp-json\/wp\/v2\/posts"}],"about":[{"href":"https:\/\/www.locoxelrojo.com\/independiente\/wp-json\/wp\/v2\/types\/post"}],"author":[{"embeddable":true,"href":"https:\/\/www.locoxelrojo.com\/independiente\/wp-json\/wp\/v2\/users\/11"}],"replies":[{"embeddable":true,"href":"https:\/\/www.locoxelrojo.com\/independiente\/wp-json\/wp\/v2\/comments?post=39243"}],"version-history":[{"count":0,"href":"https:\/\/www.locoxelrojo.com\/independiente\/wp-json\/wp\/v2\/posts\/39243\/revisions"}],"wp:featuredmedia":[{"embeddable":true,"href":"https:\/\/www.locoxelrojo.com\/independiente\/wp-json\/wp\/v2\/media\/39245"}],"wp:attachment":[{"href":"https:\/\/www.locoxelrojo.com\/independiente\/wp-json\/wp\/v2\/media?parent=39243"}],"wp:term":[{"taxonomy":"category","embeddable":true,"href":"https:\/\/www.locoxelrojo.com\/independiente\/wp-json\/wp\/v2\/categories?post=39243"},{"taxonomy":"post_tag","embeddable":true,"href":"https:\/\/www.locoxelrojo.com\/independiente\/wp-json\/wp\/v2\/tags?post=39243"}],"curies":[{"name":"wp","href":"https:\/\/api.w.org\/{rel}","templated":true}]}}