{"id":39247,"date":"2014-01-03T19:23:11","date_gmt":"2014-01-03T22:23:11","guid":{"rendered":"http:\/\/www.locoxelrojo.com.ar\/independiente\/?p=39247"},"modified":"2014-01-04T19:08:18","modified_gmt":"2014-01-04T22:08:18","slug":"dos-nuevos-juicios","status":"publish","type":"post","link":"https:\/\/www.locoxelrojo.com\/independiente\/2014\/01\/03\/dos-nuevos-juicios\/","title":{"rendered":"Dos nuevos juicios"},"content":{"rendered":"<p><strong>Cristian D\u00edaz y Mat\u00edas Defederico le iniciaron juicio a Independiente<\/strong> por deudas atrasadas e incumplimiento en los acuerdos de pagos. Por la feria judicial, a\u00fan no llegaron las notificaciones, pero el club ya tiene conocimiento de los reclamos.<\/p>\n<p>El 2014 no arranc\u00f3 de la mejor manera para Independiente. Los problemas del a\u00f1o pasado contin\u00faan y se sumaron dos nuevos juicios. <strong>Cristian D\u00edaz y Mat\u00edas Defederico demandaron al &#8220;Rojo&#8221; por deudas que el club mantiene con ellos.<\/strong><\/p>\n<p><strong>El exentrenador present\u00f3 su reclamo en el Tribunal de Trabajo N\u00ba 3 de Avellaneda por la suma de 800.000 pesos. Por su parte, Defederico la inici\u00f3 en el Juzgado Civil y Comercial N\u00ba 1 de Avellaneda.<\/strong><\/p>\n<p><strong>Debido a la feria judicial, los dirigentes de Independiente a\u00fan no fueron notificados de manera oficial, pero ya saben de ambos reclamos.<\/strong> Se estima que el aviso llegar\u00e1 en febrero.<\/p>\n","protected":false},"excerpt":{"rendered":"<p>Cristian D\u00edaz y Mat\u00edas Defederico le iniciaron juicio a Independiente por deudas atrasadas e incumplimiento en los acuerdos de pagos. Por la feria judicial, a\u00fan no llegaron las notificaciones, pero el club ya tiene conocimiento de los reclamos. El 2014 no arranc\u00f3 de la mejor manera para Independiente. Los problemas del a\u00f1o pasado contin\u00faan y [&hellip;]<\/p>\n","protected":false},"author":1,"featured_media":39248,"comment_status":"closed","ping_status":"closed","sticky":false,"template":"","format":"standard","meta":{"_links_to":"","_links_to_target":""},"categories":[4,1],"tags":[188,379],"_links":{"self":[{"href":"https:\/\/www.locoxelrojo.com\/independiente\/wp-json\/wp\/v2\/posts\/39247"}],"collection":[{"href":"https:\/\/www.locoxelrojo.com\/independiente\/wp-json\/wp\/v2\/posts"}],"about":[{"href":"https:\/\/www.locoxelrojo.com\/independiente\/wp-json\/wp\/v2\/types\/post"}],"author":[{"embeddable":true,"href":"https:\/\/www.locoxelrojo.com\/independiente\/wp-json\/wp\/v2\/users\/1"}],"replies":[{"embeddable":true,"href":"https:\/\/www.locoxelrojo.com\/independiente\/wp-json\/wp\/v2\/comments?post=39247"}],"version-history":[{"count":0,"href":"https:\/\/www.locoxelrojo.com\/independiente\/wp-json\/wp\/v2\/posts\/39247\/revisions"}],"wp:featuredmedia":[{"embeddable":true,"href":"https:\/\/www.locoxelrojo.com\/independiente\/wp-json\/wp\/v2\/media\/39248"}],"wp:attachment":[{"href":"https:\/\/www.locoxelrojo.com\/independiente\/wp-json\/wp\/v2\/media?parent=39247"}],"wp:term":[{"taxonomy":"category","embeddable":true,"href":"https:\/\/www.locoxelrojo.com\/independiente\/wp-json\/wp\/v2\/categories?post=39247"},{"taxonomy":"post_tag","embeddable":true,"href":"https:\/\/www.locoxelrojo.com\/independiente\/wp-json\/wp\/v2\/tags?post=39247"}],"curies":[{"name":"wp","href":"https:\/\/api.w.org\/{rel}","templated":true}]}}