{"id":39273,"date":"2014-01-05T17:55:34","date_gmt":"2014-01-05T20:55:34","guid":{"rendered":"http:\/\/www.locoxelrojo.com.ar\/independiente\/?p=39273"},"modified":"2014-01-07T18:06:22","modified_gmt":"2014-01-07T21:06:22","slug":"lo-busca-el-pincha","status":"publish","type":"post","link":"https:\/\/www.locoxelrojo.com\/independiente\/2014\/01\/05\/lo-busca-el-pincha\/","title":{"rendered":"Lo busca el Pincha"},"content":{"rendered":"<p><strong>Estudiantes de La Plata busca un delantero para reforzar el equipo y como adelantamos hace varios d\u00edas, avanz\u00f3 en las negociaciones para llevarse a Adri\u00e1n Fern\u00e1ndez a pr\u00e9stamo.<\/strong> El atacante no ve con malos ojos su llegada al &#8220;Le\u00f3n&#8221;, ya que no es tenido en cuenta por Omar De Felippe.<\/p>\n<p>Si hay algo de lo que careci\u00f3 Independiente en el a\u00f1o 2013 son goles. Dejando de lado a Facundo Parra, quien marc\u00f3 cinco goles en la temporada, no hubo otro delantero que llegara a esa cifra. Cristian Men\u00e9ndez y Sebasti\u00e1n Penco, llegaron para solucionar esa falencia, pero no cumplieron con el objetivo. <strong>Por eso, despu\u00e9s de haber marcado varios goles en el \u00faltimo torneo en Primera, sorprenden las pocas chances que tuvo Adri\u00e1n Fern\u00e1ndez en el campeonato.<\/strong><\/p>\n<p>El deseo de Fern\u00e1ndez es poder ganarse un lugar en Independiente, pero ante las pocas oportunidades y las ganas de jugar que tiene el paraguayo, comenzaron a buscar alternativas. <strong>Uno de los equipos interesados es Estudiantes de La Plata, quien en las \u00faltimas horas avanz\u00f3 las negociaciones para llevarse a pr\u00e9stamo al jugador.<\/strong><\/p>\n<p><strong>Ante la negativa por el retorno de Duv\u00e1n Zapata, Mauricio Pellegrino, entrenador del &#8220;Pincha&#8221;, le solicit\u00f3 al Presidente que haga un esfuerzo por Fern\u00e1ndez. Enrique Lombardi, pope de Estudiantes, se comunic\u00f3 con el delantero y le manifest\u00f3 las intenciones de contratarlo. Adem\u00e1s, tuvo una charla con Javier Cantero donde hablaron de las condiciones en que se llevar\u00eda a cabo la negociaci\u00f3n (pr\u00e9stamo con cargo y opci\u00f3n).<\/strong><\/p>\n<p><strong>Fern\u00e1ndez viaj\u00f3 este domingo rumbo a Mar del Plata junto al resto de sus compa\u00f1eros y desde ma\u00f1ana, estar\u00e1 realizando la pretemporada con el &#8220;Rojo&#8221; en &#8220;La Feliz&#8221;.<\/strong> \u00bfSe ir\u00e1 a La Plata?<\/p>\n","protected":false},"excerpt":{"rendered":"<p>Estudiantes de La Plata busca un delantero para reforzar el equipo y como adelantamos hace varios d\u00edas, avanz\u00f3 en las negociaciones para llevarse a Adri\u00e1n Fern\u00e1ndez a pr\u00e9stamo. El atacante no ve con malos ojos su llegada al &#8220;Le\u00f3n&#8221;, ya que no es tenido en cuenta por Omar De Felippe. Si hay algo de lo [&hellip;]<\/p>\n","protected":false},"author":1,"featured_media":39274,"comment_status":"closed","ping_status":"closed","sticky":false,"template":"","format":"standard","meta":{"_links_to":"","_links_to_target":""},"categories":[3,1],"tags":[1489],"_links":{"self":[{"href":"https:\/\/www.locoxelrojo.com\/independiente\/wp-json\/wp\/v2\/posts\/39273"}],"collection":[{"href":"https:\/\/www.locoxelrojo.com\/independiente\/wp-json\/wp\/v2\/posts"}],"about":[{"href":"https:\/\/www.locoxelrojo.com\/independiente\/wp-json\/wp\/v2\/types\/post"}],"author":[{"embeddable":true,"href":"https:\/\/www.locoxelrojo.com\/independiente\/wp-json\/wp\/v2\/users\/1"}],"replies":[{"embeddable":true,"href":"https:\/\/www.locoxelrojo.com\/independiente\/wp-json\/wp\/v2\/comments?post=39273"}],"version-history":[{"count":0,"href":"https:\/\/www.locoxelrojo.com\/independiente\/wp-json\/wp\/v2\/posts\/39273\/revisions"}],"wp:featuredmedia":[{"embeddable":true,"href":"https:\/\/www.locoxelrojo.com\/independiente\/wp-json\/wp\/v2\/media\/39274"}],"wp:attachment":[{"href":"https:\/\/www.locoxelrojo.com\/independiente\/wp-json\/wp\/v2\/media?parent=39273"}],"wp:term":[{"taxonomy":"category","embeddable":true,"href":"https:\/\/www.locoxelrojo.com\/independiente\/wp-json\/wp\/v2\/categories?post=39273"},{"taxonomy":"post_tag","embeddable":true,"href":"https:\/\/www.locoxelrojo.com\/independiente\/wp-json\/wp\/v2\/tags?post=39273"}],"curies":[{"name":"wp","href":"https:\/\/api.w.org\/{rel}","templated":true}]}}