{"id":39359,"date":"2014-01-08T14:46:16","date_gmt":"2014-01-08T17:46:16","guid":{"rendered":"http:\/\/www.locoxelrojo.com.ar\/independiente\/?p=39359"},"modified":"2015-10-14T19:41:47","modified_gmt":"2015-10-14T22:41:47","slug":"baldomar-ni-el-presidente-ni-yo-tuvimos-notificacion-por-insua","status":"publish","type":"post","link":"https:\/\/www.locoxelrojo.com\/independiente\/2014\/01\/08\/baldomar-ni-el-presidente-ni-yo-tuvimos-notificacion-por-insua\/","title":{"rendered":"Baldomar: &#8220;Ni el presidente ni yo tuvimos notificaci\u00f3n por Ins\u00faa&#8221;"},"content":{"rendered":"<p>Julio Baldomar, vicepresidente de V\u00e9lez, aclar\u00f3 que al club de Liniers nadie de Independiente le consult\u00f3 por Federico Ins\u00faa, aunque mostr\u00f3 predisposici\u00f3n para sentarse a negociar.<\/p>\n<p>La bomba sobre una posible vuelta del &#8220;Pocho&#8221; estall\u00f3 e hizo mucho ruido en el Mundo Independiente. Sin embargo, en V\u00e9lez nadie se enter\u00f3. <strong>&#8220;Ni el Presidente ni yo, tuvimos alg\u00fan tipo de notificaci\u00f3n con respecto a Ins\u00faa&#8221;<\/strong>, explic\u00f3 anoche Baldomar en Campanas del Infierno.<\/p>\n<p>El contrato de Ins\u00faa en el &#8220;Fort\u00edn&#8221; finaliza en junio y se encuentra de pretemporada junto a sus compa\u00f1eros bajo las \u00f3rdenes del flamante entrenador Jos\u00e9 &#8220;Turu&#8221; Flores. <strong>&#8220;Federico tiene contrato hasta junio, nosotros estuvimos con \u00e9l hasta el mediod\u00eda y el jugador no nos transmiti\u00f3 nada&#8221;<\/strong>, dijo.<\/p>\n<p>Luego, agreg\u00f3: <strong>&#8220;Es un jugador importante, pero no negamos que si quiere otro camino lo tome. Nos sentar\u00edamos y hablar\u00edamos como ser\u00eda la desvinculaci\u00f3n, pero Ins\u00faa es jugador de V\u00e9lez. Hasta que el jugador o el club no se sienten a charlar, no vamos a decir m\u00e1s nada&#8221;<\/strong>.<\/p>\n<p>Al finalizar, aclar\u00f3 que para V\u00e9lez, Franco Razzotti es por el momento jugador de Independiente y desconoci\u00f3 los problemas que tiene el volante en el &#8220;Rojo&#8221;. <strong>&#8220;Para nosotros Razzotti es jugador de Independiente, no tenemos ninguna novedad con respecto a ese tema&#8221;<\/strong>, cerr\u00f3.<\/p>\n","protected":false},"excerpt":{"rendered":"<p>Julio Baldomar, vicepresidente de V\u00e9lez, aclar\u00f3 que al club de Liniers nadie de Independiente le consult\u00f3 por Federico Ins\u00faa, aunque mostr\u00f3 predisposici\u00f3n para sentarse a negociar. La bomba sobre una posible vuelta del &#8220;Pocho&#8221; estall\u00f3 e hizo mucho ruido en el Mundo Independiente. Sin embargo, en V\u00e9lez nadie se enter\u00f3. &#8220;Ni el Presidente ni yo, [&hellip;]<\/p>\n","protected":false},"author":1,"featured_media":39360,"comment_status":"closed","ping_status":"closed","sticky":false,"template":"","format":"standard","meta":{"_links_to":"","_links_to_target":""},"categories":[3,1],"tags":[153,701,2504],"_links":{"self":[{"href":"https:\/\/www.locoxelrojo.com\/independiente\/wp-json\/wp\/v2\/posts\/39359"}],"collection":[{"href":"https:\/\/www.locoxelrojo.com\/independiente\/wp-json\/wp\/v2\/posts"}],"about":[{"href":"https:\/\/www.locoxelrojo.com\/independiente\/wp-json\/wp\/v2\/types\/post"}],"author":[{"embeddable":true,"href":"https:\/\/www.locoxelrojo.com\/independiente\/wp-json\/wp\/v2\/users\/1"}],"replies":[{"embeddable":true,"href":"https:\/\/www.locoxelrojo.com\/independiente\/wp-json\/wp\/v2\/comments?post=39359"}],"version-history":[{"count":0,"href":"https:\/\/www.locoxelrojo.com\/independiente\/wp-json\/wp\/v2\/posts\/39359\/revisions"}],"wp:featuredmedia":[{"embeddable":true,"href":"https:\/\/www.locoxelrojo.com\/independiente\/wp-json\/wp\/v2\/media\/39360"}],"wp:attachment":[{"href":"https:\/\/www.locoxelrojo.com\/independiente\/wp-json\/wp\/v2\/media?parent=39359"}],"wp:term":[{"taxonomy":"category","embeddable":true,"href":"https:\/\/www.locoxelrojo.com\/independiente\/wp-json\/wp\/v2\/categories?post=39359"},{"taxonomy":"post_tag","embeddable":true,"href":"https:\/\/www.locoxelrojo.com\/independiente\/wp-json\/wp\/v2\/tags?post=39359"}],"curies":[{"name":"wp","href":"https:\/\/api.w.org\/{rel}","templated":true}]}}