{"id":39362,"date":"2014-01-08T15:30:45","date_gmt":"2014-01-08T18:30:45","guid":{"rendered":"http:\/\/www.locoxelrojo.com.ar\/independiente\/?p=39362"},"modified":"2014-01-12T13:36:30","modified_gmt":"2014-01-12T16:36:30","slug":"no-para","status":"publish","type":"post","link":"https:\/\/www.locoxelrojo.com\/independiente\/2014\/01\/08\/no-para\/","title":{"rendered":"No para"},"content":{"rendered":"<p>Independiente contin\u00faa con los entrenamientos en Mar del Plata. En el primer turno hizo trabajos de gimnasio y en el segundo, ejercicios con pelota en el Complejo de Banco Provincia. Por la tarde, har\u00e1 el tercero en Sierra de los Padres.<\/p>\n<p>Omar De Felippe no para e Independiente sigue con la intensa pretemporada en &#8220;La Feliz&#8221;. <strong>Este mi\u00e9rcoles, la actividad comenz\u00f3 bien temprano con ejercicios f\u00edsicos en el gimnasio del Hotel 13 de julio. Luego, pasaron al Complejo de Banco Provincia para trabajos de conducci\u00f3n. La ma\u00f1ana finaliz\u00f3 con el plantel dividido en dos grupos: uno hizo f\u00fatbol-tenis y el otro f\u00fatbol en espacios reducidos.<\/strong><\/p>\n<p><strong>Hern\u00e1n Fredes complet\u00f3 la primera parte de la pr\u00e1ctica y luego, continu\u00f3 con el diferenciado. Marcelo Vidal, con hielo en su rodilla derecha, s\u00f3lo trot\u00f3 alrededor de una de las canchas del predio.<\/strong><\/p>\n<p><strong>La mala noticia del d\u00eda la dio el juvenil Facundo Onraita, quien en principio tiene una distensi\u00f3n en el recto anterior.<\/strong> Le har\u00e1n estudios para saber la gravedad y reducir\u00e1 las cargas.<\/p>\n<p>El tercer turno ser\u00e1 por la tarde, donde <strong>el plantel se trasladar\u00e1 hasta Sierra de los Padres para profundizar en lo f\u00edsico.<\/strong><\/p>\n","protected":false},"excerpt":{"rendered":"<p>Independiente contin\u00faa con los entrenamientos en Mar del Plata. En el primer turno hizo trabajos de gimnasio y en el segundo, ejercicios con pelota en el Complejo de Banco Provincia. Por la tarde, har\u00e1 el tercero en Sierra de los Padres. Omar De Felippe no para e Independiente sigue con la intensa pretemporada en &#8220;La [&hellip;]<\/p>\n","protected":false},"author":17,"featured_media":39363,"comment_status":"closed","ping_status":"closed","sticky":false,"template":"","format":"standard","meta":{"_links_to":"","_links_to_target":""},"categories":[3,1],"tags":[2503,1030,71,470,453,2501],"_links":{"self":[{"href":"https:\/\/www.locoxelrojo.com\/independiente\/wp-json\/wp\/v2\/posts\/39362"}],"collection":[{"href":"https:\/\/www.locoxelrojo.com\/independiente\/wp-json\/wp\/v2\/posts"}],"about":[{"href":"https:\/\/www.locoxelrojo.com\/independiente\/wp-json\/wp\/v2\/types\/post"}],"author":[{"embeddable":true,"href":"https:\/\/www.locoxelrojo.com\/independiente\/wp-json\/wp\/v2\/users\/17"}],"replies":[{"embeddable":true,"href":"https:\/\/www.locoxelrojo.com\/independiente\/wp-json\/wp\/v2\/comments?post=39362"}],"version-history":[{"count":0,"href":"https:\/\/www.locoxelrojo.com\/independiente\/wp-json\/wp\/v2\/posts\/39362\/revisions"}],"wp:featuredmedia":[{"embeddable":true,"href":"https:\/\/www.locoxelrojo.com\/independiente\/wp-json\/wp\/v2\/media\/39363"}],"wp:attachment":[{"href":"https:\/\/www.locoxelrojo.com\/independiente\/wp-json\/wp\/v2\/media?parent=39362"}],"wp:term":[{"taxonomy":"category","embeddable":true,"href":"https:\/\/www.locoxelrojo.com\/independiente\/wp-json\/wp\/v2\/categories?post=39362"},{"taxonomy":"post_tag","embeddable":true,"href":"https:\/\/www.locoxelrojo.com\/independiente\/wp-json\/wp\/v2\/tags?post=39362"}],"curies":[{"name":"wp","href":"https:\/\/api.w.org\/{rel}","templated":true}]}}