{"id":39588,"date":"2014-01-15T21:27:02","date_gmt":"2014-01-16T00:27:02","guid":{"rendered":"http:\/\/www.locoxelrojo.com.ar\/independiente\/?p=39588"},"modified":"2014-01-15T21:46:35","modified_gmt":"2014-01-16T00:46:35","slug":"todo-listo-para-enfrentar-a-newells","status":"publish","type":"post","link":"https:\/\/www.locoxelrojo.com\/independiente\/2014\/01\/15\/todo-listo-para-enfrentar-a-newells\/","title":{"rendered":"Todo listo para enfrentar a Newell&#8217;s"},"content":{"rendered":"<p>Independiente realiz\u00f3 este mi\u00e9rcoles por la tarde el \u00faltimo entrenamiento antes del partido con Newell&#8217;s, por la Copa Ciudad de Mar del Plata. <strong>El encuentro se jugar\u00e1 ma\u00f1ana jueves, a partir de las 22:10 en el estadio Jos\u00e9 Mar\u00eda Minella, con el arbitraje de Dar\u00edo Herrera.<\/strong><\/p>\n<p>El &#8220;Rojo&#8221; volvi\u00f3 a entrenar por la tarde en el Complejo del Banco Provincia, <strong>esta vez con la presencia de Javier Cantero, quien observ\u00f3 la pr\u00e1ctica y <a href=\"http:\/\/www.locoxelrojo.com.ar\/independiente\/2014\/01\/15\/cantero-desmintio-la-pelea-con-de-felippe\/\">desminti\u00f3 los rumores sobre la pelea con Omar De Felippe<\/a>. <\/strong><\/p>\n<p><strong>Los jugadores realizaron una pr\u00e1ctica informal de f\u00fatbol, a los que se sumaron integrantes del cuerpo t\u00e9cnico, dirigentes y encargados de seguridad. En cuanto a los lesionados, Facundo Onraita trot\u00f3 alrededor de la cancha, mientras que Federico Mancuello, Marcelo Vidal, Juan Manuel Trejo y Facundo Parra observaron el entrenamiento.<\/strong><\/p>\n<p>Se viene el partido con Newell&#8217;s y el t\u00e9cnico decide probar a varios jugadores desde el arranque. Los once que eligi\u00f3 De Felippe para el encuentro de ma\u00f1ana ante la &#8220;Lepra&#8221; son: <strong>Hilario Navarro; Gabriel Vall\u00e9s, Samuel C\u00e1ceres, Juli\u00e1n Vel\u00e1zquez, Lucas Villalba; Mart\u00edn Zapata, Fabi\u00e1n Monserrat, Reinaldo Alderete, Leonel Miranda; Mat\u00edas Pisano y Adri\u00e1n Fern\u00e1ndez.<\/strong><\/p>\n","protected":false},"excerpt":{"rendered":"<p>Independiente realiz\u00f3 este mi\u00e9rcoles por la tarde el \u00faltimo entrenamiento antes del partido con Newell&#8217;s, por la Copa Ciudad de Mar del Plata. El encuentro se jugar\u00e1 ma\u00f1ana jueves, a partir de las 22:10 en el estadio Jos\u00e9 Mar\u00eda Minella, con el arbitraje de Dar\u00edo Herrera. El &#8220;Rojo&#8221; volvi\u00f3 a entrenar por la tarde en [&hellip;]<\/p>\n","protected":false},"author":17,"featured_media":39590,"comment_status":"closed","ping_status":"closed","sticky":false,"template":"","format":"standard","meta":{"_links_to":"","_links_to_target":""},"categories":[3,1],"tags":[2503,26,1030,36,48,723,1386,470,453,2032,2501],"_links":{"self":[{"href":"https:\/\/www.locoxelrojo.com\/independiente\/wp-json\/wp\/v2\/posts\/39588"}],"collection":[{"href":"https:\/\/www.locoxelrojo.com\/independiente\/wp-json\/wp\/v2\/posts"}],"about":[{"href":"https:\/\/www.locoxelrojo.com\/independiente\/wp-json\/wp\/v2\/types\/post"}],"author":[{"embeddable":true,"href":"https:\/\/www.locoxelrojo.com\/independiente\/wp-json\/wp\/v2\/users\/17"}],"replies":[{"embeddable":true,"href":"https:\/\/www.locoxelrojo.com\/independiente\/wp-json\/wp\/v2\/comments?post=39588"}],"version-history":[{"count":0,"href":"https:\/\/www.locoxelrojo.com\/independiente\/wp-json\/wp\/v2\/posts\/39588\/revisions"}],"wp:featuredmedia":[{"embeddable":true,"href":"https:\/\/www.locoxelrojo.com\/independiente\/wp-json\/wp\/v2\/media\/39590"}],"wp:attachment":[{"href":"https:\/\/www.locoxelrojo.com\/independiente\/wp-json\/wp\/v2\/media?parent=39588"}],"wp:term":[{"taxonomy":"category","embeddable":true,"href":"https:\/\/www.locoxelrojo.com\/independiente\/wp-json\/wp\/v2\/categories?post=39588"},{"taxonomy":"post_tag","embeddable":true,"href":"https:\/\/www.locoxelrojo.com\/independiente\/wp-json\/wp\/v2\/tags?post=39588"}],"curies":[{"name":"wp","href":"https:\/\/api.w.org\/{rel}","templated":true}]}}