{"id":3985,"date":"2011-01-13T21:01:02","date_gmt":"2011-01-13T23:01:02","guid":{"rendered":"http:\/\/www.locoxelrojo.com.ar\/independiente\/?p=3985"},"modified":"2011-01-13T21:01:02","modified_gmt":"2011-01-13T23:01:02","slug":"defederico-mohamed-me-pidio-que-me-junte-con-battion-y-fredes","status":"publish","type":"post","link":"https:\/\/www.locoxelrojo.com\/independiente\/2011\/01\/13\/defederico-mohamed-me-pidio-que-me-junte-con-battion-y-fredes\/","title":{"rendered":"Defederico: &#8220;Mohamed me pidi\u00f3 que me junte con Batti\u00f3n y Fredes&#8221;"},"content":{"rendered":"<p><a href=\"http:\/\/www.locoxelrojo.com.ar\/independiente\/wp-content\/uploads\/2011\/01\/defedericoindependiente.jpg\"><img loading=\"lazy\" class=\"alignnone size-full wp-image-3986\" title=\"defedericoindependiente\" src=\"http:\/\/www.locoxelrojo.com.ar\/independiente\/wp-content\/uploads\/2011\/01\/defedericoindependiente.jpg\" alt=\"\" width=\"550\" height=\"315\" srcset=\"https:\/\/locoxelrojo.com\/independiente\/wp-content\/uploads\/2011\/01\/defedericoindependiente.jpg 550w, https:\/\/locoxelrojo.com\/independiente\/wp-content\/uploads\/2011\/01\/defedericoindependiente-300x171.jpg 300w\" sizes=\"(max-width: 550px) 100vw, 550px\" \/><\/a><\/p>\n<p>En la pr\u00e1ctica de f\u00fatbol que hubo por la tarde en Villa Marista el arco fue ocupado por Adri\u00e1n Gabbarini. Alrrededor de las 19 horas, Hilario Navarro se acerc\u00f3 a Luis Chiaradia y le manifest\u00f3 tener molestias. Finalmente, se inform\u00f3 que tan solo se le carg\u00f3 el isquiotibial de la pierna derecha.<\/p>\n<p>Por su parte, Mat\u00edas De Federico dialog\u00f3 con Renato Della Paollera en La Red y cont\u00f3 que \u00a0si bien <strong>&#8220;reci\u00e9n es la segunda pr\u00e1ctica de f\u00fatbol en lo que va de la pretemporada, me not\u00e9 cansado&#8221;. Es que la pretemporada por la ma\u00f1ana fue muy fuerte sobre la arena. &#8220;Estamos sin piernas y errando pases. Se corrige a trav\u00e9s de los d\u00edas. El trabajo a la ma\u00f1ana es muy duro&#8221;<\/strong>, confes\u00f3.<\/p>\n<p>Igualmente, Defederico manifest\u00f3 que ma\u00f1ana <strong>&#8220;va a ser un d\u00eda tranquilo porque hoy metimos arena en la playa. Ma\u00f1ana vamos a bajar las cargas para llegar bien al s\u00e1bado y aceitar el equipo para el partido frente a Quito&#8221;<\/strong>.<\/p>\n<p>Para cerrar, el volante ofensivo que fue parado por Mohamed como enganche explic\u00f3 lo que el t\u00e9cnico le pidi\u00f3 <strong>&#8220;Mohamed me pidi\u00f3 que me junte con Batti\u00f3n y con Hernan para que le llegue la pelota limpia a Parra y al Cuqui&#8221;<\/strong>. La tarea no ser\u00e1 f\u00e1cil pero el delantero ve un buen clima de trabajo<strong>. &#8220;Los chicos me integraron muy bien, es un grupo excelente&#8221;<\/strong>, concluy\u00f3.<\/p>\n","protected":false},"excerpt":{"rendered":"<p>En la pr\u00e1ctica de f\u00fatbol que hubo por la tarde en Villa Marista el arco fue ocupado por Adri\u00e1n Gabbarini. Alrrededor de las 19 horas, Hilario Navarro se acerc\u00f3 a Luis Chiaradia y le manifest\u00f3 tener molestias. Finalmente, se inform\u00f3 que tan solo se le carg\u00f3 el isquiotibial de la pierna derecha. Por su parte, [&hellip;]<\/p>\n","protected":false},"author":1,"featured_media":0,"comment_status":"open","ping_status":"open","sticky":false,"template":"","format":"standard","meta":{"_links_to":"","_links_to_target":""},"categories":[3,1],"tags":[77,115,153,76,470,379,471],"_links":{"self":[{"href":"https:\/\/www.locoxelrojo.com\/independiente\/wp-json\/wp\/v2\/posts\/3985"}],"collection":[{"href":"https:\/\/www.locoxelrojo.com\/independiente\/wp-json\/wp\/v2\/posts"}],"about":[{"href":"https:\/\/www.locoxelrojo.com\/independiente\/wp-json\/wp\/v2\/types\/post"}],"author":[{"embeddable":true,"href":"https:\/\/www.locoxelrojo.com\/independiente\/wp-json\/wp\/v2\/users\/1"}],"replies":[{"embeddable":true,"href":"https:\/\/www.locoxelrojo.com\/independiente\/wp-json\/wp\/v2\/comments?post=3985"}],"version-history":[{"count":0,"href":"https:\/\/www.locoxelrojo.com\/independiente\/wp-json\/wp\/v2\/posts\/3985\/revisions"}],"wp:attachment":[{"href":"https:\/\/www.locoxelrojo.com\/independiente\/wp-json\/wp\/v2\/media?parent=3985"}],"wp:term":[{"taxonomy":"category","embeddable":true,"href":"https:\/\/www.locoxelrojo.com\/independiente\/wp-json\/wp\/v2\/categories?post=3985"},{"taxonomy":"post_tag","embeddable":true,"href":"https:\/\/www.locoxelrojo.com\/independiente\/wp-json\/wp\/v2\/tags?post=3985"}],"curies":[{"name":"wp","href":"https:\/\/api.w.org\/{rel}","templated":true}]}}