{"id":3988,"date":"2011-01-13T20:15:35","date_gmt":"2011-01-13T23:15:35","guid":{"rendered":"http:\/\/www.locoxelrojo.com.ar\/independiente\/?p=3988"},"modified":"2011-01-13T20:15:35","modified_gmt":"2011-01-13T23:15:35","slug":"guillermo-franco-hay-interes-de-independiente","status":"publish","type":"post","link":"https:\/\/www.locoxelrojo.com\/independiente\/2011\/01\/13\/guillermo-franco-hay-interes-de-independiente\/","title":{"rendered":"Guillermo Franco: &#8220;Hay inter\u00e9s de Independiente&#8221;"},"content":{"rendered":"<p><a href=\"http:\/\/www.locoxelrojo.com.ar\/independiente\/wp-content\/uploads\/2011\/01\/francoindependiente.jpg\"><img loading=\"lazy\" class=\"alignnone size-full wp-image-3989\" title=\"francoindependiente\" src=\"http:\/\/www.locoxelrojo.com.ar\/independiente\/wp-content\/uploads\/2011\/01\/francoindependiente.jpg\" alt=\"\" width=\"550\" height=\"315\" srcset=\"https:\/\/locoxelrojo.com\/independiente\/wp-content\/uploads\/2011\/01\/francoindependiente.jpg 550w, https:\/\/locoxelrojo.com\/independiente\/wp-content\/uploads\/2011\/01\/francoindependiente-300x171.jpg 300w\" sizes=\"(max-width: 550px) 100vw, 550px\" \/><\/a><\/p>\n<p>El delantero dialog\u00f3 con Fox \u00a0Sports Radio por AM Del Plata y manifest\u00f3 que su representante lo advirti\u00f3 acerca del inter\u00e9s por parte del club. Si bien se lo vio enojado porque hay quienes lo dan por retirado, el ex selecci\u00f3n de M\u00e9xico dijo: <strong>&#8220;estoy analizando propuestas de Europa, dicen que me retire, eso es mentira&#8221;.<\/strong><\/p>\n<p>Una de las dudas de Mohamed pasa por la falta de f\u00fatbol y el estado f\u00edsico del delantero quien asegura que est\u00e1 en forma.<strong> &#8220;Me tome un descanso para renovarme fisica y mentalmente, igual segu\u00ed entrenando&#8221;<\/strong>, dijo. Lo econ\u00f3mico, tampoco ser\u00eda un problema para el delantero. <strong>&#8220;No puedo pretender un buen contrato, por la desicion que tome de estar parado&#8221;<\/strong>, asegur\u00f3.<\/p>\n<p>Para cerrar, Franco se refirio a su relaci\u00f3n con Mohamed. <strong>&#8220;Tengo una gran relacion con Mohamed, aunque todavia no hable con el&#8221;.<\/strong><\/p>\n","protected":false},"excerpt":{"rendered":"<p>El delantero dialog\u00f3 con Fox \u00a0Sports Radio por AM Del Plata y manifest\u00f3 que su representante lo advirti\u00f3 acerca del inter\u00e9s por parte del club. Si bien se lo vio enojado porque hay quienes lo dan por retirado, el ex selecci\u00f3n de M\u00e9xico dijo: &#8220;estoy analizando propuestas de Europa, dicen que me retire, eso es [&hellip;]<\/p>\n","protected":false},"author":1,"featured_media":0,"comment_status":"open","ping_status":"open","sticky":false,"template":"","format":"standard","meta":{"_links_to":"","_links_to_target":""},"categories":[3,1],"tags":[115,153,505],"_links":{"self":[{"href":"https:\/\/www.locoxelrojo.com\/independiente\/wp-json\/wp\/v2\/posts\/3988"}],"collection":[{"href":"https:\/\/www.locoxelrojo.com\/independiente\/wp-json\/wp\/v2\/posts"}],"about":[{"href":"https:\/\/www.locoxelrojo.com\/independiente\/wp-json\/wp\/v2\/types\/post"}],"author":[{"embeddable":true,"href":"https:\/\/www.locoxelrojo.com\/independiente\/wp-json\/wp\/v2\/users\/1"}],"replies":[{"embeddable":true,"href":"https:\/\/www.locoxelrojo.com\/independiente\/wp-json\/wp\/v2\/comments?post=3988"}],"version-history":[{"count":0,"href":"https:\/\/www.locoxelrojo.com\/independiente\/wp-json\/wp\/v2\/posts\/3988\/revisions"}],"wp:attachment":[{"href":"https:\/\/www.locoxelrojo.com\/independiente\/wp-json\/wp\/v2\/media?parent=3988"}],"wp:term":[{"taxonomy":"category","embeddable":true,"href":"https:\/\/www.locoxelrojo.com\/independiente\/wp-json\/wp\/v2\/categories?post=3988"},{"taxonomy":"post_tag","embeddable":true,"href":"https:\/\/www.locoxelrojo.com\/independiente\/wp-json\/wp\/v2\/tags?post=3988"}],"curies":[{"name":"wp","href":"https:\/\/api.w.org\/{rel}","templated":true}]}}