{"id":3993,"date":"2011-01-14T14:06:32","date_gmt":"2011-01-14T16:06:32","guid":{"rendered":"http:\/\/www.locoxelrojo.com.ar\/independiente\/?p=3993"},"modified":"2011-01-14T14:06:32","modified_gmt":"2011-01-14T16:06:32","slug":"parra-me-quedo-con-la-copa","status":"publish","type":"post","link":"https:\/\/www.locoxelrojo.com\/independiente\/2011\/01\/14\/parra-me-quedo-con-la-copa\/","title":{"rendered":"Parra: &#8220;Me quedo con la copa&#8221;"},"content":{"rendered":"<p><a href=\"http:\/\/www.locoxelrojo.com.ar\/independiente\/wp-content\/uploads\/2011\/01\/parraindependiente.jpg\"><img loading=\"lazy\" class=\"alignnone size-full wp-image-3994\" title=\"parraindependiente\" src=\"http:\/\/www.locoxelrojo.com.ar\/independiente\/wp-content\/uploads\/2011\/01\/parraindependiente.jpg\" alt=\"\" width=\"550\" height=\"315\" srcset=\"https:\/\/locoxelrojo.com\/independiente\/wp-content\/uploads\/2011\/01\/parraindependiente.jpg 550w, https:\/\/locoxelrojo.com\/independiente\/wp-content\/uploads\/2011\/01\/parraindependiente-300x171.jpg 300w\" sizes=\"(max-width: 550px) 100vw, 550px\" \/><\/a><\/p>\n<p>Facundo Parra dialog\u00f3 con Renato Della Paollera en Un Buen Momento por Radio La Red y dijo que prefiere la Libertadores por sobre el campeonato. Adem\u00e1s, no ve mal la llegada de un delantero.<\/p>\n<p>Lo m\u00e1s duro para el jugador es estar lejos de la familia, teniendo en cuenta que su pareja est\u00e1 embarazada. Cuando le preguntaron sobre lo m\u00e1s duro de la pretemporada, dej\u00f3 lo f\u00edsico en un segundo nivel. <strong>&#8220;Hace bastante tiempo estamos ac\u00e1 y psicol\u00f3gicamente extra\u00f1amos a la familia. Es parte de nuestro trabajo y este a\u00f1o va a ser complicado. En lo f\u00edsico corriendo bastante pero ahora aflojamos un poco. En lo personal se me hace largo porque tengo ganas de estar con la familia, es parte del trabajo y hay que darle para adelante&#8221;<\/strong>, dijo el delantero.<\/p>\n<p>Parra destac\u00f3 la importancia de que no se haya ido ning\u00fan jugador hasta el momento.<strong> &#8220;Lo importante era mantener el equipo y la base del a\u00f1o pasado, m\u00e1s all\u00e1 del arranque fue un gran a\u00f1o. Con la venida de un par de refuerzos el equipo va a rendir y va a andar muy bien. Ojal\u00e1 que lleguemos lo m\u00e1s lejos posible&#8221;<\/strong>, sentenci\u00f3.<\/p>\n<p>El delantero admiti\u00f3 que necesitan un delantero por si se lesionan o \u00e9l o Silvera. <strong>&#8220;Como delanteros de \u00e1rea estamos el Cuqui y yo. Brian puede hacerlo muy bien, es un chico del club pero necesita un jugador a la altura de la circunstancia. Por ende no est\u00e1 mal que venga un delantero por si se cae alg\u00fan jugador&#8221;. <\/strong><\/p>\n<p>Para cerrar, Parra puso por encima la Libertadores por sobre el campeonato. <strong>&#8220;Si me dan a elegir me quedo con la copa porque es un sue\u00f1o<\/strong>&#8220;, advirti\u00f3.<\/p>\n","protected":false},"excerpt":{"rendered":"<p>Facundo Parra dialog\u00f3 con Renato Della Paollera en Un Buen Momento por Radio La Red y dijo que prefiere la Libertadores por sobre el campeonato. Adem\u00e1s, no ve mal la llegada de un delantero. Lo m\u00e1s duro para el jugador es estar lejos de la familia, teniendo en cuenta que su pareja est\u00e1 embarazada. Cuando [&hellip;]<\/p>\n","protected":false},"author":1,"featured_media":0,"comment_status":"open","ping_status":"open","sticky":false,"template":"","format":"standard","meta":{"_links_to":"","_links_to_target":""},"categories":[494,3,1],"tags":[153,223,36,470,471],"_links":{"self":[{"href":"https:\/\/www.locoxelrojo.com\/independiente\/wp-json\/wp\/v2\/posts\/3993"}],"collection":[{"href":"https:\/\/www.locoxelrojo.com\/independiente\/wp-json\/wp\/v2\/posts"}],"about":[{"href":"https:\/\/www.locoxelrojo.com\/independiente\/wp-json\/wp\/v2\/types\/post"}],"author":[{"embeddable":true,"href":"https:\/\/www.locoxelrojo.com\/independiente\/wp-json\/wp\/v2\/users\/1"}],"replies":[{"embeddable":true,"href":"https:\/\/www.locoxelrojo.com\/independiente\/wp-json\/wp\/v2\/comments?post=3993"}],"version-history":[{"count":0,"href":"https:\/\/www.locoxelrojo.com\/independiente\/wp-json\/wp\/v2\/posts\/3993\/revisions"}],"wp:attachment":[{"href":"https:\/\/www.locoxelrojo.com\/independiente\/wp-json\/wp\/v2\/media?parent=3993"}],"wp:term":[{"taxonomy":"category","embeddable":true,"href":"https:\/\/www.locoxelrojo.com\/independiente\/wp-json\/wp\/v2\/categories?post=3993"},{"taxonomy":"post_tag","embeddable":true,"href":"https:\/\/www.locoxelrojo.com\/independiente\/wp-json\/wp\/v2\/tags?post=3993"}],"curies":[{"name":"wp","href":"https:\/\/api.w.org\/{rel}","templated":true}]}}