{"id":3996,"date":"2011-01-14T14:24:40","date_gmt":"2011-01-14T16:24:40","guid":{"rendered":"http:\/\/www.locoxelrojo.com.ar\/independiente\/?p=3996"},"modified":"2011-01-14T14:24:40","modified_gmt":"2011-01-14T16:24:40","slug":"la-duda-es-el-arquero","status":"publish","type":"post","link":"https:\/\/www.locoxelrojo.com\/independiente\/2011\/01\/14\/la-duda-es-el-arquero\/","title":{"rendered":"La duda es el arquero"},"content":{"rendered":"<p><a href=\"http:\/\/www.locoxelrojo.com.ar\/independiente\/wp-content\/uploads\/2011\/01\/independientemardelplata.jpg\"><img loading=\"lazy\" class=\"alignnone size-full wp-image-3997\" title=\"independientemardelplata\" src=\"http:\/\/www.locoxelrojo.com.ar\/independiente\/wp-content\/uploads\/2011\/01\/independientemardelplata.jpg\" alt=\"\" width=\"550\" height=\"315\" srcset=\"https:\/\/locoxelrojo.com\/independiente\/wp-content\/uploads\/2011\/01\/independientemardelplata.jpg 550w, https:\/\/locoxelrojo.com\/independiente\/wp-content\/uploads\/2011\/01\/independientemardelplata-300x171.jpg 300w\" sizes=\"(max-width: 550px) 100vw, 550px\" \/><\/a><\/p>\n<p>Hilario Navarro mantendr\u00e1 un di\u00e1logo con Antonio Mohamed a primera hora de la tarde para saber qui\u00e9n ser\u00e1 el arquero de Independiente en el d\u00eda de ma\u00f1ana frente a Boca. El arquero, igualmente, ser\u00eda Adri\u00e1n Gabbarini. Por otro lado, quedaron ratificadas las palabras de Julio Comparada en TyC Sports en donde afirmaba que no habr\u00eda sanciones para los jugadores que no renovasen el contrato a vencer en 6 meses. Por ende, Mohamed sigue considerando entre los titulares a Lucas Mareque y Hernan Fredes.<\/p>\n<p>Luego del repechaje, los jugadores deber\u00e1n tomar la determinaci\u00f3n acerca de si van a renovar el contrato o no. Los 11 titulares frente a Boca ser\u00edan <strong>Adri\u00e1n Gabbarini; Eduardo Tuzzio, Carlos Matheu, Juli\u00e1n  Vel\u00e1zquez; Nicol\u00e1s Cabrera, Roberto Batti\u00f3n, Hern\u00e1n Fredes, Lucas  Mareque; Mat\u00edas Defederico, Andr\u00e9s Silvera y Facundo Parra.<\/strong><\/p>\n<p><strong>Pasadas las 17:30 habr\u00e1 una nueva pr\u00e1ctica en la Villa Marista. Ma\u00f1ana, 9:30 los jugadores que no han sumado minutos frente a San Lorenzo ni jugar\u00e1n frente a Boca har\u00e1n lo propio frente a Rosario Central en Villa Marista.<br \/>\n<\/strong><\/p>\n<p><strong>Cronograma de partidos:<\/strong><\/p>\n<p><strong>15\/01<\/strong> vs Boca (en Mar del Plata)<br \/>\n<strong>25\/01<\/strong> vs Deportivo Quito (Local)<br \/>\n<strong>01\/02<\/strong> vs Deportivo Quito (Visitante)<br \/>\n<strong>06\/02<\/strong> vs Tigre (Local &#8211; pendiente del Apertura)<br \/>\n<strong>13\/02<\/strong> vs V\u00e9lez (Local &#8211; 1\u00ba fecha Clausura)<\/p>\n<p><strong><br \/>\n<\/strong><\/p>\n","protected":false},"excerpt":{"rendered":"<p>Hilario Navarro mantendr\u00e1 un di\u00e1logo con Antonio Mohamed a primera hora de la tarde para saber qui\u00e9n ser\u00e1 el arquero de Independiente en el d\u00eda de ma\u00f1ana frente a Boca. El arquero, igualmente, ser\u00eda Adri\u00e1n Gabbarini. Por otro lado, quedaron ratificadas las palabras de Julio Comparada en TyC Sports en donde afirmaba que no habr\u00eda [&hellip;]<\/p>\n","protected":false},"author":1,"featured_media":0,"comment_status":"open","ping_status":"open","sticky":false,"template":"","format":"standard","meta":{"_links_to":"","_links_to_target":""},"categories":[3,1],"tags":[193,153,285,470,472],"_links":{"self":[{"href":"https:\/\/www.locoxelrojo.com\/independiente\/wp-json\/wp\/v2\/posts\/3996"}],"collection":[{"href":"https:\/\/www.locoxelrojo.com\/independiente\/wp-json\/wp\/v2\/posts"}],"about":[{"href":"https:\/\/www.locoxelrojo.com\/independiente\/wp-json\/wp\/v2\/types\/post"}],"author":[{"embeddable":true,"href":"https:\/\/www.locoxelrojo.com\/independiente\/wp-json\/wp\/v2\/users\/1"}],"replies":[{"embeddable":true,"href":"https:\/\/www.locoxelrojo.com\/independiente\/wp-json\/wp\/v2\/comments?post=3996"}],"version-history":[{"count":0,"href":"https:\/\/www.locoxelrojo.com\/independiente\/wp-json\/wp\/v2\/posts\/3996\/revisions"}],"wp:attachment":[{"href":"https:\/\/www.locoxelrojo.com\/independiente\/wp-json\/wp\/v2\/media?parent=3996"}],"wp:term":[{"taxonomy":"category","embeddable":true,"href":"https:\/\/www.locoxelrojo.com\/independiente\/wp-json\/wp\/v2\/categories?post=3996"},{"taxonomy":"post_tag","embeddable":true,"href":"https:\/\/www.locoxelrojo.com\/independiente\/wp-json\/wp\/v2\/tags?post=3996"}],"curies":[{"name":"wp","href":"https:\/\/api.w.org\/{rel}","templated":true}]}}