{"id":4002,"date":"2011-01-14T20:56:38","date_gmt":"2011-01-14T22:56:38","guid":{"rendered":"http:\/\/www.locoxelrojo.com.ar\/independiente\/?p=4002"},"modified":"2011-01-15T12:01:24","modified_gmt":"2011-01-15T15:01:24","slug":"gabbarini-el-elegido","status":"publish","type":"post","link":"https:\/\/www.locoxelrojo.com\/independiente\/2011\/01\/14\/gabbarini-el-elegido\/","title":{"rendered":"Gabbarini, el elegido"},"content":{"rendered":"<p><a href=\"http:\/\/www.locoxelrojo.com.ar\/independiente\/wp-content\/uploads\/2011\/01\/gabbarini_entrenamiento.jpg\"><img loading=\"lazy\" class=\"alignnone size-full wp-image-4003\" title=\"gabbarini_entrenamiento\" src=\"http:\/\/www.locoxelrojo.com.ar\/independiente\/wp-content\/uploads\/2011\/01\/gabbarini_entrenamiento.jpg\" alt=\"\" width=\"550\" height=\"315\" srcset=\"https:\/\/locoxelrojo.com\/independiente\/wp-content\/uploads\/2011\/01\/gabbarini_entrenamiento.jpg 550w, https:\/\/locoxelrojo.com\/independiente\/wp-content\/uploads\/2011\/01\/gabbarini_entrenamiento-300x171.jpg 300w\" sizes=\"(max-width: 550px) 100vw, 550px\" \/><\/a><\/p>\n<p>Finalmente se confirm\u00f3 que Hilario Navarro no sera el arquero frente a Boca. Antes de empezar el entrenamiento por la tarde en Villa Marista, Antonio Mohamed confirm\u00f3 a Gabbarini en el arco para el partido frente del s\u00e1bado. Fue una decisi\u00f3n compartida entre el entrenador y el m\u00e9dico del plantel. La idea es guardar a Hilario para el repechaje de la Copa Libertadores.<\/p>\n<p>La lesi\u00f3n de Hilario no es para asustarse. Tiene una sobrecarga muscular, es por eso que va a descansar el fin de semana y de a poco volver a las tareas para estar en \u00f3ptimas condiciones para el partido frente a Deportivo Quito el 25 de enero en el Libertadores de Am\u00e9rica.<\/p>\n<p>De esta manera y con equipo ya confirmado el Rojo tendr\u00e1 en cancha frente a Boca a: <strong>Adri\u00e1n Gabbarini; Eduardo Tuzzio, Carlos Matheu, Juli\u00e1n   Vel\u00e1zquez; Nicol\u00e1s Cabrera, Roberto Batti\u00f3n, Hern\u00e1n Fredes, Lucas   Mareque; Mat\u00edas Defederico, Andr\u00e9s Silvera y Facundo Parra.<\/strong><\/p>\n","protected":false},"excerpt":{"rendered":"<p>Finalmente se confirm\u00f3 que Hilario Navarro no sera el arquero frente a Boca. Antes de empezar el entrenamiento por la tarde en Villa Marista, Antonio Mohamed confirm\u00f3 a Gabbarini en el arco para el partido frente del s\u00e1bado. Fue una decisi\u00f3n compartida entre el entrenador y el m\u00e9dico del plantel. La idea es guardar a [&hellip;]<\/p>\n","protected":false},"author":1,"featured_media":0,"comment_status":"open","ping_status":"open","sticky":false,"template":"","format":"standard","meta":{"_links_to":"","_links_to_target":""},"categories":[3,1],"tags":[77,115,153,76],"_links":{"self":[{"href":"https:\/\/www.locoxelrojo.com\/independiente\/wp-json\/wp\/v2\/posts\/4002"}],"collection":[{"href":"https:\/\/www.locoxelrojo.com\/independiente\/wp-json\/wp\/v2\/posts"}],"about":[{"href":"https:\/\/www.locoxelrojo.com\/independiente\/wp-json\/wp\/v2\/types\/post"}],"author":[{"embeddable":true,"href":"https:\/\/www.locoxelrojo.com\/independiente\/wp-json\/wp\/v2\/users\/1"}],"replies":[{"embeddable":true,"href":"https:\/\/www.locoxelrojo.com\/independiente\/wp-json\/wp\/v2\/comments?post=4002"}],"version-history":[{"count":0,"href":"https:\/\/www.locoxelrojo.com\/independiente\/wp-json\/wp\/v2\/posts\/4002\/revisions"}],"wp:attachment":[{"href":"https:\/\/www.locoxelrojo.com\/independiente\/wp-json\/wp\/v2\/media?parent=4002"}],"wp:term":[{"taxonomy":"category","embeddable":true,"href":"https:\/\/www.locoxelrojo.com\/independiente\/wp-json\/wp\/v2\/categories?post=4002"},{"taxonomy":"post_tag","embeddable":true,"href":"https:\/\/www.locoxelrojo.com\/independiente\/wp-json\/wp\/v2\/tags?post=4002"}],"curies":[{"name":"wp","href":"https:\/\/api.w.org\/{rel}","templated":true}]}}