{"id":40062,"date":"2014-01-30T23:04:57","date_gmt":"2014-01-31T02:04:57","guid":{"rendered":"http:\/\/www.locoxelrojo.com.ar\/independiente\/?p=40062"},"modified":"2015-10-14T20:07:48","modified_gmt":"2015-10-14T23:07:48","slug":"insua-comparada-es-un-mamarracho","status":"publish","type":"post","link":"https:\/\/www.locoxelrojo.com\/independiente\/2014\/01\/30\/insua-comparada-es-un-mamarracho\/","title":{"rendered":"Ins\u00faa: &#8220;Comparada es un mamarracho&#8221;"},"content":{"rendered":"<p>Federico Ins\u00faa habl\u00f3 luego de su primer d\u00eda en Independiente y<strong> se mostr\u00f3 muy contento de reencontrarse en Villa Dom\u00ednico junto a Daniel Montenegro y Gabriel Milito. Dispar\u00f3 munici\u00f3n gruesa contra Julio Comparada y cont\u00f3 detalles de su pol\u00e9mico pase a Boca en el 2005.<\/strong><\/p>\n<p><strong>&#8220;Estaba bien en V\u00e9lez, tuve dos a\u00f1os muy buenos. Siempre esper\u00e9 la chance de volver y lo tuve en mente&#8221;<\/strong>, afirm\u00f3 el &#8220;Pocho&#8221; en di\u00e1logo con De La Cuna Al Infierno.<strong> &#8220;Estoy muy bien f\u00edsicamente, me preparo siempre para jugar. En V\u00e9lez sal\u00ed por una cuesti\u00f3n futbol\u00edstica, nada m\u00e1s. Hice la pretemporada y hoy ya entrene a la par del grupo. Trato de estar a la altura de un chico de 18 y aprender de ellos tambi\u00e9n. Hay un grupo muy lindo y unido&#8221;<\/strong>, agreg\u00f3.<\/p>\n<p>Luego, expres\u00f3 la alegr\u00eda que le caus\u00f3 reencontrarse con Milito y Montenegro nuevamente en el predio de Villa Dom\u00ednico:\u00a0<strong>&#8220;Fue una alegr\u00eda muy grande volver a encontrarme con &#8216;Gaby&#8217; Milito, lo mismo con el &#8216;Rolfi&#8217;. Son amigos, a Gabriel lo veo muy bien en lo que est\u00e1 haciendo y me pone muy contento. Se nota lo que quiere al club. El &#8216;Rolfi&#8217; est\u00e1 intacto, la cinta de capit\u00e1n le queda muy bien y el grupo lo respeta mucho&#8221;<\/strong>. Tambi\u00e9n brome\u00f3 remarcando que ya no son los mismos que eran en el 2002: <strong>&#8220;Me gustar\u00eda tener el pelo que ten\u00eda en el 2002, &#8216;Gaby&#8217; est\u00e1 complicado tambi\u00e9n con ese tema. El \u00fanico que esta igual es el &#8216;Rolfi'&#8221;<\/strong>.<\/p>\n<p>En cuanto a su conflictivo pase a Boca, record\u00f3: <strong>&#8220;Entiendo a la gente que a\u00fan est\u00e1 enojada. No puedo pedir disculpas porque fue algo pensado y no siento que tenga que pedirlas. Jugu\u00e9 un a\u00f1o gratis y con una mentira a cuestas. S\u00e9 que la gente con el tiempo iba a saber lo que pas\u00f3 y todo el tiempo pens\u00e9 en el cari\u00f1o del hincha. A pesar de todo siempre fui respetuoso y siento que aclarar a veces queda feo. Nunca dije lo que se dice&#8221;<\/strong>.<\/p>\n<p>El &#8220;Pocho&#8221; aprovech\u00f3 tambi\u00e9n para pegarle a Comparada:<strong> &#8220;Ten\u00eda un contrato para continuar en el club hasta el 2008 y el tipo lo rompi\u00f3. Es un mamarracho, pero no vale la pena hablar m\u00e1s de eso. Respeto el sentimiento de la gente y sab\u00eda que lo iban a entender con el tiempo&#8221;<\/strong>.<\/p>\n<p>Para finalizar, confi\u00f3 en devolver a Independiente a Primera.<strong> &#8220;No tengo dudas que vamos a ascender. Soy un tipo positivo, pero real. Si veo algo que est\u00e1 mal soy muy autocr\u00edtico. Vivo el momento con alegr\u00eda. Veo bien al equipo y muy fuerte al grupo. La uni\u00f3n y el orden es fundamental&#8221;<\/strong>, cerr\u00f3.<\/p>\n","protected":false},"excerpt":{"rendered":"<p>Federico Ins\u00faa habl\u00f3 luego de su primer d\u00eda en Independiente y se mostr\u00f3 muy contento de reencontrarse en Villa Dom\u00ednico junto a Daniel Montenegro y Gabriel Milito. Dispar\u00f3 munici\u00f3n gruesa contra Julio Comparada y cont\u00f3 detalles de su pol\u00e9mico pase a Boca en el 2005. &#8220;Estaba bien en V\u00e9lez, tuve dos a\u00f1os muy buenos. Siempre [&hellip;]<\/p>\n","protected":false},"author":1,"featured_media":40063,"comment_status":"closed","ping_status":"closed","sticky":false,"template":"","format":"standard","meta":{"_links_to":"","_links_to_target":""},"categories":[3,1],"tags":[153,701,33],"_links":{"self":[{"href":"https:\/\/www.locoxelrojo.com\/independiente\/wp-json\/wp\/v2\/posts\/40062"}],"collection":[{"href":"https:\/\/www.locoxelrojo.com\/independiente\/wp-json\/wp\/v2\/posts"}],"about":[{"href":"https:\/\/www.locoxelrojo.com\/independiente\/wp-json\/wp\/v2\/types\/post"}],"author":[{"embeddable":true,"href":"https:\/\/www.locoxelrojo.com\/independiente\/wp-json\/wp\/v2\/users\/1"}],"replies":[{"embeddable":true,"href":"https:\/\/www.locoxelrojo.com\/independiente\/wp-json\/wp\/v2\/comments?post=40062"}],"version-history":[{"count":0,"href":"https:\/\/www.locoxelrojo.com\/independiente\/wp-json\/wp\/v2\/posts\/40062\/revisions"}],"wp:featuredmedia":[{"embeddable":true,"href":"https:\/\/www.locoxelrojo.com\/independiente\/wp-json\/wp\/v2\/media\/40063"}],"wp:attachment":[{"href":"https:\/\/www.locoxelrojo.com\/independiente\/wp-json\/wp\/v2\/media?parent=40062"}],"wp:term":[{"taxonomy":"category","embeddable":true,"href":"https:\/\/www.locoxelrojo.com\/independiente\/wp-json\/wp\/v2\/categories?post=40062"},{"taxonomy":"post_tag","embeddable":true,"href":"https:\/\/www.locoxelrojo.com\/independiente\/wp-json\/wp\/v2\/tags?post=40062"}],"curies":[{"name":"wp","href":"https:\/\/api.w.org\/{rel}","templated":true}]}}