{"id":40199,"date":"2014-02-06T02:30:50","date_gmt":"2014-02-06T05:30:50","guid":{"rendered":"http:\/\/www.locoxelrojo.com.ar\/independiente\/?p=40199"},"modified":"2014-02-06T03:05:00","modified_gmt":"2014-02-06T06:05:00","slug":"morel-rodriguez-no-mate-a-nadie","status":"publish","type":"post","link":"https:\/\/www.locoxelrojo.com\/independiente\/2014\/02\/06\/morel-rodriguez-no-mate-a-nadie\/","title":{"rendered":"Morel Rodr\u00edguez: &#8220;No mat\u00e9 a nadie&#8221;"},"content":{"rendered":"<p>Claudio Morel Rodr\u00edguez volvi\u00f3 a referirse a la sanci\u00f3n de cinco fechas impuesta por el Tribunal de Disciplina a causa de la patada a Diego Villar en el verano. <strong>El defensor se mostr\u00f3 molesto otra vez.<\/strong><\/p>\n<p><strong>&#8220;Yo no mat\u00e9 a nadie. Durante el torneo se vieron patadas violentas. A Villar lo llam\u00e9 dos o tres veces para ver c\u00f3mo estaba, pero no me atendi\u00f3. A m\u00ed me rompieron el tabique en su momento y tampoco sal\u00ed a hacer l\u00edo. No me estuve quejando, ni esperando ning\u00fan llamado, ni disculpas&#8221;,\u00a0<\/strong>manifest\u00f3 el paraguayo en di\u00e1logo con America &amp; Closs. El central se perder\u00e1 los choques ante Brown de Adrogu\u00e9 y Boca Unidos.<\/p>\n<p>Luego, sostuvo que el entrenador no le habl\u00f3 de la expulsi\u00f3n y la sanci\u00f3n: <strong>&#8220;De Felippe no me habl\u00f3 de esto, las charlas son grupales. Reconoc\u00ed que estas cosas no pueden pasar y m\u00e1s en la situaci\u00f3n que estamos nosotros porque este semestre va a ser m\u00e1s duro que el anterior. Nosotros, los de m\u00e1s experiencia, no podemos dejar al equipo con uno menos&#8221;.<\/strong><\/p>\n<p>Por \u00faltimo, elogi\u00f3 a Federico Ins\u00faa y asever\u00f3 que el enganche le dar\u00e1 un salto de calidad al equipo. <strong>&#8220;El &#8216;Pocho&#8217; en estos d\u00edas que estuvo entrenando, encaj\u00f3 bien en el grupo. Creo que no le va a costar por la experiencia que tiene. Sabe como manejarse dentro de campo de juego&#8221;, <\/strong>concluy\u00f3.<\/p>\n","protected":false},"excerpt":{"rendered":"<p>Claudio Morel Rodr\u00edguez volvi\u00f3 a referirse a la sanci\u00f3n de cinco fechas impuesta por el Tribunal de Disciplina a causa de la patada a Diego Villar en el verano. El defensor se mostr\u00f3 molesto otra vez. &#8220;Yo no mat\u00e9 a nadie. Durante el torneo se vieron patadas violentas. A Villar lo llam\u00e9 dos o tres [&hellip;]<\/p>\n","protected":false},"author":11,"featured_media":40200,"comment_status":"closed","ping_status":"closed","sticky":false,"template":"","format":"standard","meta":{"_links_to":"","_links_to_target":""},"categories":[3,1],"tags":[1620,153,1613],"_links":{"self":[{"href":"https:\/\/www.locoxelrojo.com\/independiente\/wp-json\/wp\/v2\/posts\/40199"}],"collection":[{"href":"https:\/\/www.locoxelrojo.com\/independiente\/wp-json\/wp\/v2\/posts"}],"about":[{"href":"https:\/\/www.locoxelrojo.com\/independiente\/wp-json\/wp\/v2\/types\/post"}],"author":[{"embeddable":true,"href":"https:\/\/www.locoxelrojo.com\/independiente\/wp-json\/wp\/v2\/users\/11"}],"replies":[{"embeddable":true,"href":"https:\/\/www.locoxelrojo.com\/independiente\/wp-json\/wp\/v2\/comments?post=40199"}],"version-history":[{"count":0,"href":"https:\/\/www.locoxelrojo.com\/independiente\/wp-json\/wp\/v2\/posts\/40199\/revisions"}],"wp:featuredmedia":[{"embeddable":true,"href":"https:\/\/www.locoxelrojo.com\/independiente\/wp-json\/wp\/v2\/media\/40200"}],"wp:attachment":[{"href":"https:\/\/www.locoxelrojo.com\/independiente\/wp-json\/wp\/v2\/media?parent=40199"}],"wp:term":[{"taxonomy":"category","embeddable":true,"href":"https:\/\/www.locoxelrojo.com\/independiente\/wp-json\/wp\/v2\/categories?post=40199"},{"taxonomy":"post_tag","embeddable":true,"href":"https:\/\/www.locoxelrojo.com\/independiente\/wp-json\/wp\/v2\/tags?post=40199"}],"curies":[{"name":"wp","href":"https:\/\/api.w.org\/{rel}","templated":true}]}}