{"id":40215,"date":"2014-02-06T15:03:30","date_gmt":"2014-02-06T18:03:30","guid":{"rendered":"http:\/\/www.locoxelrojo.com.ar\/independiente\/?p=40215"},"modified":"2014-02-06T16:08:18","modified_gmt":"2014-02-06T19:08:18","slug":"de-felippe-somos-nosotros-los-unicos-que-vamos-a-cambiar-la-situacion","status":"publish","type":"post","link":"https:\/\/www.locoxelrojo.com\/independiente\/2014\/02\/06\/de-felippe-somos-nosotros-los-unicos-que-vamos-a-cambiar-la-situacion\/","title":{"rendered":"De Felippe: \u201cSomos nosotros los \u00fanicos que vamos a cambiar la situaci\u00f3n\u201d"},"content":{"rendered":"<p>Omar De Felippe \u00a0hizo referencia, entre otras cuestiones, a la situaci\u00f3n pol\u00edtica que atraviesa el club. \u201c<strong>Si empezamos bien, se hablar\u00e1 del funcionamiento del equipo, sino, que el club no est\u00e1 bien\u201d<\/strong>, asegur\u00f3. Adem\u00e1s<strong>, hizo un balance del verano de Independiente y opin\u00f3 sobre la llegada de Federico Ins\u00faa.<\/strong><\/p>\n<p>En medio del convulsionado clima institucional que transita el club, el entrenador reconoci\u00f3: <strong>\u201cEntiendo la situaci\u00f3n y uno no puede estar ajeno a eso. Pero como le digo a los muchachos, si empezamos bien, se hablar\u00e1 del funcionamiento del equipo, sino, que el club no est\u00e1 bien\u201d<\/strong>. Adem\u00e1s, en di\u00e1logo con 90 Minutos por Fox Sports, sostuvo:<strong> \u201cSomos nosotros los \u00fanicos que vamos a cambiar la situaci\u00f3n a trav\u00e9s de que en cada partido, entreguemos todo para tratar de ganar, pelear arriba y lograr el ascenso\u201d.<\/strong><\/p>\n<p>Por otro lado, De Felippe analiz\u00f3 la producci\u00f3n del \u201cRojo\u201d en el verano: <strong>\u201cFue provechoso ver a muchos jugadores, el funcionamiento bueno por momentos y ver los errores que se pagan caros en Primera, como el gol de Racing. Es distinto el ritmo al de la B Nacional\u201d<\/strong>. Y luego agreg\u00f3: <strong>\u201cEstos golpes son buenos, y dentro de la bronca de no haber ganado, que te den un sopapo de entrada es bueno\u201d.<\/strong><\/p>\n<p>Respecto de la incorporaci\u00f3n de Ins\u00faa, el t\u00e9cnico se\u00f1al\u00f3:<strong> \u201cEstamos tratando de que se pueda insertar dentro del equipo. Con el correr de los partidos se tendr\u00e1 que ir adaptando a la categor\u00eda\u201d<\/strong>. M\u00e1s all\u00e1 de eso, De Felippe manifest\u00f3:<strong> \u201cNosotros tenemos una forma de jugar que no vamos a cambiar. Veremos si el ingreso de Fede nos sigue dando lo mismo que ten\u00edamos. Estos jugadores te tienen que potenciar, pero es importante seguir trabajando en bloque\u201d.<\/strong><\/p>\n<p>Para finalizar, el exentrenador de Quilmes y Olimpo opin\u00f3 acerca de la sanci\u00f3n que le propinaron a Claudio Morel Rodr\u00edguez en el partido ante Racing. <strong>\u201cMe pareci\u00f3 exagerada a pesar que no voy a justificar la reacci\u00f3n. Es un jugador con experiencia y son cosas que se hablan con el plantel y con el jugador para evitar que vuelvan a pasar. Ojal\u00e1 pueda volver lo antes posible\u201d<\/strong>, cerr\u00f3.<\/p>\n","protected":false},"excerpt":{"rendered":"<p>Omar De Felippe \u00a0hizo referencia, entre otras cuestiones, a la situaci\u00f3n pol\u00edtica que atraviesa el club. \u201cSi empezamos bien, se hablar\u00e1 del funcionamiento del equipo, sino, que el club no est\u00e1 bien\u201d, asegur\u00f3. Adem\u00e1s, hizo un balance del verano de Independiente y opin\u00f3 sobre la llegada de Federico Ins\u00faa. En medio del convulsionado clima institucional [&hellip;]<\/p>\n","protected":false},"author":19,"featured_media":40216,"comment_status":"closed","ping_status":"closed","sticky":false,"template":"","format":"standard","meta":{"_links_to":"","_links_to_target":""},"categories":[3,1],"tags":[2032],"_links":{"self":[{"href":"https:\/\/www.locoxelrojo.com\/independiente\/wp-json\/wp\/v2\/posts\/40215"}],"collection":[{"href":"https:\/\/www.locoxelrojo.com\/independiente\/wp-json\/wp\/v2\/posts"}],"about":[{"href":"https:\/\/www.locoxelrojo.com\/independiente\/wp-json\/wp\/v2\/types\/post"}],"author":[{"embeddable":true,"href":"https:\/\/www.locoxelrojo.com\/independiente\/wp-json\/wp\/v2\/users\/19"}],"replies":[{"embeddable":true,"href":"https:\/\/www.locoxelrojo.com\/independiente\/wp-json\/wp\/v2\/comments?post=40215"}],"version-history":[{"count":0,"href":"https:\/\/www.locoxelrojo.com\/independiente\/wp-json\/wp\/v2\/posts\/40215\/revisions"}],"wp:featuredmedia":[{"embeddable":true,"href":"https:\/\/www.locoxelrojo.com\/independiente\/wp-json\/wp\/v2\/media\/40216"}],"wp:attachment":[{"href":"https:\/\/www.locoxelrojo.com\/independiente\/wp-json\/wp\/v2\/media?parent=40215"}],"wp:term":[{"taxonomy":"category","embeddable":true,"href":"https:\/\/www.locoxelrojo.com\/independiente\/wp-json\/wp\/v2\/categories?post=40215"},{"taxonomy":"post_tag","embeddable":true,"href":"https:\/\/www.locoxelrojo.com\/independiente\/wp-json\/wp\/v2\/tags?post=40215"}],"curies":[{"name":"wp","href":"https:\/\/api.w.org\/{rel}","templated":true}]}}