{"id":40237,"date":"2014-02-07T02:53:19","date_gmt":"2014-02-07T05:53:19","guid":{"rendered":"http:\/\/www.locoxelrojo.com.ar\/independiente\/?p=40237"},"modified":"2014-02-07T04:17:06","modified_gmt":"2014-02-07T07:17:06","slug":"delanteros-buscados","status":"publish","type":"post","link":"https:\/\/www.locoxelrojo.com\/independiente\/2014\/02\/07\/delanteros-buscados\/","title":{"rendered":"Delanteros buscados"},"content":{"rendered":"<p><strong>Sebasti\u00e1n Penco y Cristian Men\u00e9ndez est\u00e1n siendo buscados por un equipo ecuatoriano y otro chileno, respectivamente.<\/strong> En las pr\u00f3ximas horas podr\u00eda definirse el futuro de ambos, ya que Independiente no pondr\u00eda ninguna traba en las negociaciones.<\/p>\n<p><strong>Deportivo Quito es el equipo de Ecuador que quiere contar con los servicios de Sebasti\u00e1n Penco. El pase ser\u00eda a pr\u00e9stamo por un a\u00f1o.<\/strong> En la tarde de ayer se esperaba que la oferta se haga oficial, pero el conjunto ecuatoriano est\u00e1 de regreso de Brasil, luego de quedar eliminado de la primera fase de la Copa Libertadores por Botafogo.<\/p>\n<p>Penco firm\u00f3 a comienzo de temporada por dos a\u00f1os con Independiente, quien adquiri\u00f3 el 50% de su ficha en 1.200.000 pesos. En total jug\u00f3 11 partidos y no convirti\u00f3 ning\u00fan gol. <strong>La negociaci\u00f3n ser\u00eda a pr\u00e9stamo por una temporada con una opci\u00f3n de compra de 400.000 d\u00f3lares. En el &#8220;Rojo&#8221; piensan agregarle un cargo de aproximadamente 50.000 d\u00f3lares, aunque podr\u00eda llegar a emigrar sin cargo.<\/strong><\/p>\n<p><strong>Por el lado de Men\u00e9ndez, el equipo Rangers de Chile fue quien fij\u00f3 los ojos en \u00e9l.<\/strong> El &#8220;Polaco&#8221; lleg\u00f3 a Independiente en junio a pr\u00e9stamo de Lan\u00fas a cambio de 120.000 d\u00f3lares, con una opci\u00f3n de compra de 1.500.000 d\u00f3lares por el 100% del pase. En total jug\u00f3 12 partidos en el &#8220;Rojo&#8221; y marc\u00f3 un tanto.<\/p>\n<p><strong>La \u00fanica forma de que la negociaci\u00f3n se lleve a cabo es en condici\u00f3n de libre, ya que en Chile cerr\u00f3 el libro de pases. Independiente lo dejar\u00eda ir, pero faltar\u00eda saber la respuesta del &#8220;Granate&#8221;, que es el due\u00f1o de su pase. <\/strong><\/p>\n","protected":false},"excerpt":{"rendered":"<p>Sebasti\u00e1n Penco y Cristian Men\u00e9ndez est\u00e1n siendo buscados por un equipo ecuatoriano y otro chileno, respectivamente. En las pr\u00f3ximas horas podr\u00eda definirse el futuro de ambos, ya que Independiente no pondr\u00eda ninguna traba en las negociaciones. Deportivo Quito es el equipo de Ecuador que quiere contar con los servicios de Sebasti\u00e1n Penco. El pase ser\u00eda [&hellip;]<\/p>\n","protected":false},"author":1,"featured_media":40238,"comment_status":"closed","ping_status":"closed","sticky":false,"template":"","format":"standard","meta":{"_links_to":"","_links_to_target":""},"categories":[3,1],"tags":[2236,702],"_links":{"self":[{"href":"https:\/\/www.locoxelrojo.com\/independiente\/wp-json\/wp\/v2\/posts\/40237"}],"collection":[{"href":"https:\/\/www.locoxelrojo.com\/independiente\/wp-json\/wp\/v2\/posts"}],"about":[{"href":"https:\/\/www.locoxelrojo.com\/independiente\/wp-json\/wp\/v2\/types\/post"}],"author":[{"embeddable":true,"href":"https:\/\/www.locoxelrojo.com\/independiente\/wp-json\/wp\/v2\/users\/1"}],"replies":[{"embeddable":true,"href":"https:\/\/www.locoxelrojo.com\/independiente\/wp-json\/wp\/v2\/comments?post=40237"}],"version-history":[{"count":0,"href":"https:\/\/www.locoxelrojo.com\/independiente\/wp-json\/wp\/v2\/posts\/40237\/revisions"}],"wp:featuredmedia":[{"embeddable":true,"href":"https:\/\/www.locoxelrojo.com\/independiente\/wp-json\/wp\/v2\/media\/40238"}],"wp:attachment":[{"href":"https:\/\/www.locoxelrojo.com\/independiente\/wp-json\/wp\/v2\/media?parent=40237"}],"wp:term":[{"taxonomy":"category","embeddable":true,"href":"https:\/\/www.locoxelrojo.com\/independiente\/wp-json\/wp\/v2\/categories?post=40237"},{"taxonomy":"post_tag","embeddable":true,"href":"https:\/\/www.locoxelrojo.com\/independiente\/wp-json\/wp\/v2\/tags?post=40237"}],"curies":[{"name":"wp","href":"https:\/\/api.w.org\/{rel}","templated":true}]}}